{"id":9009,"date":"2024-01-24T10:58:05","date_gmt":"2024-01-24T09:58:05","guid":{"rendered":"https:\/\/www.envirofalk.com\/en-route-pour-la-formation-avec-un-sac-decole\/"},"modified":"2024-06-26T10:52:26","modified_gmt":"2024-06-26T08:52:26","slug":"en-route-pour-la-formation-avec-un-sac-decole","status":"publish","type":"post","link":"https:\/\/www.envirofalk.com\/fr\/en-route-pour-la-formation-avec-un-sac-decole\/","title":{"rendered":"En route pour la formation avec un sac d&rsquo;\u00e9cole !"},"content":{"rendered":"<div class=\"wpb-content-wrapper\"><p>[vc_section][vc_row full_width=\u00a0\u00bbstretch_row_content_no_spaces\u00a0\u00bb][vc_column]<div class=\"custom-top-banner img-box   has-icon\" style=\"background-image: url(https:\/\/www.envirofalk.com\/wp-content\/uploads\/2023\/08\/Regeneration_Ionenaustauscher_Regenerierstation_Deutschland.jpg)\"><div class=\"container relative\"><div class=\"text-box\"><div class=\"slideInRight animated\"><img loading=\"lazy\" decoding=\"async\" width=\"1\" height=\"1\" src=\"https:\/\/www.envirofalk.com\/wp-content\/uploads\/2023\/08\/News_Icon.svg\" class=\"attachment-120x120 size-120x120\" alt=\"Newsletter Icon\" \/><p>Actualit\u00e9s d'EnviroFALK<\/p><\/div><\/div><\/div><\/div>[\/vc_column][\/vc_row][\/vc_section][vc_section][vc_row css_animation=\u00a0\u00bbslideInUp\u00a0\u00bb el_class=\u00a0\u00bbtwo-columns-row tablet-row\u00a0\u00bb][vc_column width=\u00a0\u00bb3\/4&Prime;][vc_custom_heading text=\u00a0\u00bbEn route pour la formation avec un sac d&rsquo;\u00e9cole !\u00a0\u00bb font_container=\u00a0\u00bbtag:h1|text_align:left\u00a0\u00bb use_theme_fonts=\u00a0\u00bbyes\u00a0\u00bb][vc_column_text]<\/p>\n<div class=\"ce_text unten30 block\">\n<div class=\"ce_text unten20 block\">\n<div class=\"ce_text unten30 block\">\n<div class=\"ce_text unten30 block\">\n<div class=\"ce_text unten30 block\">\n<div class=\"ce_text unten30 block\">\n<h2>Nouveaux apprentis et alternants chez EnviroFALK<\/h2>\n<p>Le mois de septembre peut difficilement commencer de mani\u00e8re plus agr\u00e9able pour EnviroFALK. Cinq jeunes ont opt\u00e9 pour une formation ou un cursus en alternance dans les domaines technique et commercial.<\/p>\n<p>Pour un d\u00e9part parfait, les nouveaux arrivants ont \u00e9galement re\u00e7u un sac d&rsquo;\u00e9cole en guise de bienvenue. Je me demande ce qu&rsquo;il y a dedans.<\/p>\n<p>Nous sommes tr\u00e8s heureux d&rsquo;accueillir nos nouveaux apprentis et dualistes et leur souhaitons un super d\u00e9part dans la vie professionnelle.<\/p>\n<\/div>\n<\/div>\n<\/div>\n<\/div>\n<\/div>\n<\/div>\n<p>[\/vc_column_text][\/vc_column][vc_column width=\u00a0\u00bb1\/4&Prime;][vc_empty_space height=\u00a0\u00bb150px\u00a0\u00bb]<div class=\"online-consultant-box  wpb_content_element\"><div class=\"online-consultant\"><div><div class=\"person-info\"><h5>Susanne Pfendesack<\/h5><ul class=\"person-list\"><li><a href=\"tel:+49 2663 9908-94\">+49 2663 9908-94<\/a><\/li><\/ul><\/div><\/div><div class=\"relative\"><svg xmlns=\"http:\/\/www.w3.org\/2000\/svg\" viewBox=\"0 0 32.83 32.83\">\n\t\t\t\t\t\t\t\t\t<defs>\n\t\t\t\t\t\t\t\t\t\t<linearGradient id=\"gradient\" x1=\"0%\" y1=\"0%\" x2=\"0%\" y2=\"100%\" gradientTransform=\"rotate(-135)\">\n\t\t\t\t\t\t\t\t\t\t\t<stop offset=\"0%\" stop-color=\"#97be0d\"\/>\n\t\t\t\t\t\t\t\t\t\t\t\t<stop offset=\"100%\" stop-color=\"rgba(255, 255, 255, 0)\"\/>\n\t\t\t\t\t\t\t\t\t\t<\/linearGradient>\n\t\t\t\t\t\t\t\t\t<\/defs>\n\t\t\t\t\t\t\t\t\t<path class=\"wpb_animate_when_almost_visible circular-progress\" stroke=\"url(#gradient)\" stroke-width=\"1\" stroke-dasharray=\"100, 100\" fill=\"none\" d=\"M18,2.08a15.92,15.92,0,0,1,0,31.84h0A15.92,15.92,0,0,1,18,2.08\" transform=\"translate(-1.59 -1.58)\"\/>\n                            \t<\/svg><span><img loading=\"lazy\" decoding=\"async\" width=\"800\" height=\"800\" src=\"https:\/\/www.envirofalk.com\/wp-content\/uploads\/2023\/07\/Susanne_Pfendesack_Jobs_EnviroFALK.png\" class=\"attachment-full size-full\" alt=\"Mitarbeiterin Susanne Pfendesack\" srcset=\"https:\/\/www.envirofalk.com\/wp-content\/uploads\/2023\/07\/Susanne_Pfendesack_Jobs_EnviroFALK.png 800w, https:\/\/www.envirofalk.com\/wp-content\/uploads\/2023\/07\/Susanne_Pfendesack_Jobs_EnviroFALK-350x350.png 350w, https:\/\/www.envirofalk.com\/wp-content\/uploads\/2023\/07\/Susanne_Pfendesack_Jobs_EnviroFALK-150x150.png 150w, https:\/\/www.envirofalk.com\/wp-content\/uploads\/2023\/07\/Susanne_Pfendesack_Jobs_EnviroFALK-768x768.png 768w\" sizes=\"auto, (max-width: 800px) 100vw, 800px\" \/><\/span><\/div><\/div><\/div>[\/vc_column][\/vc_row][vc_row][vc_column][vc_single_image image=\u00a0\u00bb5231&Prime; img_size=\u00a0\u00bbfull\u00a0\u00bb][\/vc_column][\/vc_row][vc_row][vc_column][vc_column_text css=\u00a0\u00bb\u00a0\u00bb]<\/p>\n<div class=\"ce_text unten30 block\">\n<h2>Pas encore de plan pour 2024 ?<\/h2>\n<p>Pour tous ceux qui souhaitent s&rsquo;informer sur une formation chez EnviroFALK : Notre \u00e9quipe de formateurs est pr\u00e9sente pour vous sur les salons de formation r\u00e9gionaux.<\/p>\n<p><strong>Prochaine \u00e9tape : la bourse d&rsquo;information professionnelle dans la salle omnisports de Hachenburg le 11 septembre 2023 de 18h00 \u00e0 19h30.<\/strong><\/p>\n<p>Tu souhaites obtenir plus d&rsquo;informations sur nos postes de formation en 2024. Alors par ici ! <strong><a title=\"Offres de formation 2024\" href=\"https:\/\/www.envirofalk.com\/fr\/carriere\/formation\/\" target=\"_blank\" rel=\"noopener\">Offres de formation 2024<\/a><\/strong><\/p>\n<\/div>\n<p>[\/vc_column_text][\/vc_column][\/vc_row][vc_row][vc_column el_class=\u00a0\u00bbhas-bg\u00a0\u00bb][vc_text_separator title=\u00a0\u00bbRemarque sur les droits d&rsquo;auteur\u00a0\u00bb i_icon_fontawesome=\u00a0\u00bbfas fa-info-circle\u00a0\u00bb i_color=\u00a0\u00bbcustom\u00a0\u00bb i_size=\u00a0\u00bblg\u00a0\u00bb add_icon=\u00a0\u00bbtrue\u00a0\u00bb i_custom_color=\u00a0\u00bb#97be0d\u00a0\u00bb][vc_column_text]En cas d&rsquo;utilisation de textes, de photos, de graphiques et de films, les r\u00e8gles du droit d&rsquo;auteur exigent la mention : \u00ab\u00a0Copyright : EnviroFALK\u00a0\u00bb.<\/p>\n<p>EnviroFALK est le seul d\u00e9tenteur de tous les droits d&rsquo;utilisateur relatifs au contenu du site, sauf indication contraire. Il est formellement interdit d&rsquo;int\u00e9grer les contenus publi\u00e9s sur ce site dans d&rsquo;autres programmes ou d&rsquo;autres sites web ou de les utiliser \u00e0 des fins autres que journalistiques l\u00e9gitimes.[\/vc_column_text][\/vc_column][\/vc_row][\/vc_section][vc_section][vc_row][vc_column]<div class=\"posts-wrapper wpb_content_element\"><h2 class=\"entry-title text-center\">Cela pourrait aussi vous int\u00e9resser<\/h2><div id=\"all-posts\" class=\"flexbox \" data-posts=\"3\" data-cat-id=\"0\"><div id=\"post-22199\" class=\"post post-22199 type-post status-publish format-standard has-post-thumbnail hentry category-envirofalk category-actualites\"><a href=\"https:\/\/www.envirofalk.com\/fr\/envirofalk-campagne-estivale-2025\/\" target=\"_self\"><figure class=\"img-box \" style=\"background-image: url(https:\/\/www.envirofalk.com\/wp-content\/uploads\/2025\/06\/Thumbnail-Sommeraktion-1.jpg)\"><\/figure><\/a><div class=\"text-box\"><ul class=\"terms-list\"><li><a href=\"https:\/\/www.envirofalk.com\/fr\/category\/envirofalk\/\">EnviroFALK<\/a><\/li><li><a href=\"https:\/\/www.envirofalk.com\/fr\/category\/actualites\/\">Actualit\u00e9s<\/a><\/li><\/ul><h3 class=\"entry-title\"><a href=\"https:\/\/www.envirofalk.com\/fr\/envirofalk-campagne-estivale-2025\/\" target=\"_self\">La campagne estivale EnviroFALK 2025<\/a><\/h3><p>C'est le moment id\u00e9al pour profiter de l'\u00e9t\u00e9. Avec tout ce qui va avec : le soleil, la l\u00e9g\u00e8ret\u00e9 et le sourire aux l\u00e8vres. Et c'est exactement ce que nous voulons vous offrir ! <a href=\"https:\/\/www.envirofalk.com\/fr\/envirofalk-campagne-estivale-2025\/\" target=\"_self\">mehr lesen<\/a><\/p><\/div><\/div><div id=\"post-22848\" class=\"post post-22848 type-post status-publish format-standard has-post-thumbnail hentry category-envirofalk category-communiques-de-presse category-actualites category-envirofalk-schweiz-fr\"><a href=\"https:\/\/www.envirofalk.com\/fr\/catalogue-de-produits\/\" target=\"_self\"><figure class=\"img-box \" style=\"background-image: url(https:\/\/www.envirofalk.com\/wp-content\/uploads\/2025\/05\/Moockup-Blaetterseiten.jpg)\"><\/figure><\/a><div class=\"text-box\"><ul class=\"terms-list\"><li><a href=\"https:\/\/www.envirofalk.com\/fr\/category\/envirofalk\/\">EnviroFALK<\/a><\/li><li><a href=\"https:\/\/www.envirofalk.com\/fr\/category\/communiques-de-presse\/\">Communiqu\u00e9s de presse<\/a><\/li><li><a href=\"https:\/\/www.envirofalk.com\/fr\/category\/actualites\/\">Actualit\u00e9s<\/a><\/li><li><a href=\"https:\/\/www.envirofalk.com\/fr\/category\/envirofalk-schweiz-fr\/\">EnviroFALK Suisse<\/a><\/li><\/ul><h3 class=\"entry-title\"><a href=\"https:\/\/www.envirofalk.com\/fr\/catalogue-de-produits\/\" target=\"_self\">A port\u00e9e de clic : le nouveau catalogue de produits EnviroFALK pour les installations de traitement de l&#039;eau.<\/a><\/h3><p>\u00dcbersichtlich nach Branchen, Verfahrenstechniken und Produkten, informativ und schick im neuen Gewand: Der neue EnviroFALK Produktkatalog f\u00fcr Ihre Rein- und Reinstwasseraufbereitung. \r\n <a href=\"https:\/\/www.envirofalk.com\/fr\/catalogue-de-produits\/\" target=\"_self\">mehr lesen<\/a><\/p><\/div><\/div><div id=\"post-18113\" class=\"post post-18113 type-post status-publish format-standard has-post-thumbnail hentry category-envirofalk category-actualites\"><a href=\"https:\/\/www.envirofalk.com\/fr\/lanniversaire-denvirofalk-en-double-exemplaire\/\" target=\"_self\"><figure class=\"img-box \" style=\"background-image: url(https:\/\/www.envirofalk.com\/wp-content\/uploads\/2024\/10\/RS690_35JahreFALK-13.jpg)\"><\/figure><\/a><div class=\"text-box\"><ul class=\"terms-list\"><li><a href=\"https:\/\/www.envirofalk.com\/fr\/category\/envirofalk\/\">EnviroFALK<\/a><\/li><li><a href=\"https:\/\/www.envirofalk.com\/fr\/category\/actualites\/\">Actualit\u00e9s<\/a><\/li><\/ul><h3 class=\"entry-title\"><a href=\"https:\/\/www.envirofalk.com\/fr\/lanniversaire-denvirofalk-en-double-exemplaire\/\" target=\"_self\">L&#039;anniversaire d&#039;EnviroFALK en double exemplaire<\/a><\/h3><p>35 ans d'EnviroFALK en Allemagne et 30 ans en Suisse - c'\u00e9tait notre f\u00eate d'anniversaire. <a href=\"https:\/\/www.envirofalk.com\/fr\/lanniversaire-denvirofalk-en-double-exemplaire\/\" target=\"_self\">mehr lesen<\/a><\/p><\/div><\/div><\/div><div class=\"not-found\"><h3>Keine Eintr\u00e4ge gefunden<\/h3><\/div><div class=\"text-center\"><a href=\"#\" id=\"load-more\" class=\"load-more\">mehr laden<\/a><\/div><\/div>[\/vc_column][\/vc_row][\/vc_section]<\/p>\n<\/div>","protected":false},"excerpt":{"rendered":"<p>Le mois de septembre peut difficilement commencer de mani\u00e8re plus agr\u00e9able pour EnviroFALK. Cinq jeunes ont opt\u00e9 pour une formation ou un cursus en alternance dans les domaines technique et commercial. Pour un d\u00e9part parfait, les nouveaux arrivants ont \u00e9galement re\u00e7u un sac d&rsquo;\u00e9cole en guise de bienvenue. Je me demande ce qu&rsquo;il y a dedans.<\/p>\n","protected":false},"author":5,"featured_media":7135,"comment_status":"closed","ping_status":"open","sticky":false,"template":"","format":"standard","meta":{"_acf_changed":false,"rs_blank_template":"","rs_page_bg_color":"","slide_template_v7":"","footnotes":""},"categories":[101,104],"tags":[],"class_list":["post-9009","post","type-post","status-publish","format-standard","has-post-thumbnail","hentry","category-envirofalk","category-actualites"],"acf":[],"yoast_head":"<!-- This site is optimized with the Yoast SEO Premium plugin v27.5 (Yoast SEO v27.5) - https:\/\/yoast.com\/product\/yoast-seo-premium-wordpress\/ -->\n<title>En route pour la formation avec un sac d&#039;\u00e9cole ! &#8211; EnviroFALK<\/title>\n<meta name=\"robots\" content=\"index, follow, max-snippet:-1, max-image-preview:large, max-video-preview:-1\" \/>\n<link rel=\"canonical\" href=\"https:\/\/www.envirofalk.com\/fr\/en-route-pour-la-formation-avec-un-sac-decole\/\" \/>\n<meta property=\"og:locale\" content=\"fr_FR\" \/>\n<meta property=\"og:type\" content=\"article\" \/>\n<meta property=\"og:title\" content=\"En route pour la formation avec un sac d&#039;\u00e9cole !\" \/>\n<meta property=\"og:description\" content=\"Le mois de septembre peut difficilement commencer de mani\u00e8re plus agr\u00e9able pour EnviroFALK. Cinq jeunes ont opt\u00e9 pour une formation ou un cursus en alternance dans les domaines technique et commercial. Pour un d\u00e9part parfait, les nouveaux arrivants ont \u00e9galement re\u00e7u un sac d&#039;\u00e9cole en guise de bienvenue. Je me demande ce qu&#039;il y a dedans.\" \/>\n<meta property=\"og:url\" content=\"https:\/\/www.envirofalk.com\/fr\/en-route-pour-la-formation-avec-un-sac-decole\/\" \/>\n<meta property=\"og:site_name\" content=\"EnviroFALK\" \/>\n<meta property=\"article:publisher\" content=\"https:\/\/www.facebook.com\/envirofalk\" \/>\n<meta property=\"article:published_time\" content=\"2024-01-24T09:58:05+00:00\" \/>\n<meta property=\"article:modified_time\" content=\"2024-06-26T08:52:26+00:00\" \/>\n<meta property=\"og:image\" content=\"https:\/\/www.envirofalk.com\/wp-content\/uploads\/2023\/10\/Auszubildende_2023-65877c44.webp\" \/>\n\t<meta property=\"og:image:width\" content=\"770\" \/>\n\t<meta property=\"og:image:height\" content=\"385\" \/>\n\t<meta property=\"og:image:type\" content=\"image\/webp\" \/>\n<meta name=\"author\" content=\"Leslie M\u00fcller-Goerg\" \/>\n<meta name=\"twitter:card\" content=\"summary_large_image\" \/>\n<meta name=\"twitter:label1\" content=\"\u00c9crit par\" \/>\n\t<meta name=\"twitter:data1\" content=\"Leslie M\u00fcller-Goerg\" \/>\n\t<meta name=\"twitter:label2\" content=\"Dur\u00e9e de lecture estim\u00e9e\" \/>\n\t<meta name=\"twitter:data2\" content=\"3 minutes\" \/>\n<script type=\"application\/ld+json\" class=\"yoast-schema-graph\">{\"@context\":\"https:\\\/\\\/schema.org\",\"@graph\":[{\"@type\":\"Article\",\"@id\":\"https:\\\/\\\/www.envirofalk.com\\\/fr\\\/en-route-pour-la-formation-avec-un-sac-decole\\\/#article\",\"isPartOf\":{\"@id\":\"https:\\\/\\\/www.envirofalk.com\\\/fr\\\/en-route-pour-la-formation-avec-un-sac-decole\\\/\"},\"author\":{\"name\":\"Leslie M\u00fcller-Goerg\",\"@id\":\"https:\\\/\\\/www.envirofalk.com\\\/fr\\\/#\\\/schema\\\/person\\\/761609683fd81d5070d746bcb2fc66ba\"},\"headline\":\"En route pour la formation avec un sac d&rsquo;\u00e9cole !\",\"datePublished\":\"2024-01-24T09:58:05+00:00\",\"dateModified\":\"2024-06-26T08:52:26+00:00\",\"mainEntityOfPage\":{\"@id\":\"https:\\\/\\\/www.envirofalk.com\\\/fr\\\/en-route-pour-la-formation-avec-un-sac-decole\\\/\"},\"wordCount\":447,\"publisher\":{\"@id\":\"https:\\\/\\\/www.envirofalk.com\\\/fr\\\/#organization\"},\"image\":{\"@id\":\"https:\\\/\\\/www.envirofalk.com\\\/fr\\\/en-route-pour-la-formation-avec-un-sac-decole\\\/#primaryimage\"},\"thumbnailUrl\":\"https:\\\/\\\/www.envirofalk.com\\\/wp-content\\\/uploads\\\/2023\\\/10\\\/Auszubildende_2023-65877c44.webp\",\"articleSection\":[\"EnviroFALK\",\"Actualit\u00e9s\"],\"inLanguage\":\"fr-FR\"},{\"@type\":\"WebPage\",\"@id\":\"https:\\\/\\\/www.envirofalk.com\\\/fr\\\/en-route-pour-la-formation-avec-un-sac-decole\\\/\",\"url\":\"https:\\\/\\\/www.envirofalk.com\\\/fr\\\/en-route-pour-la-formation-avec-un-sac-decole\\\/\",\"name\":\"En route pour la formation avec un sac d'\u00e9cole ! &#8211; EnviroFALK\",\"isPartOf\":{\"@id\":\"https:\\\/\\\/www.envirofalk.com\\\/fr\\\/#website\"},\"primaryImageOfPage\":{\"@id\":\"https:\\\/\\\/www.envirofalk.com\\\/fr\\\/en-route-pour-la-formation-avec-un-sac-decole\\\/#primaryimage\"},\"image\":{\"@id\":\"https:\\\/\\\/www.envirofalk.com\\\/fr\\\/en-route-pour-la-formation-avec-un-sac-decole\\\/#primaryimage\"},\"thumbnailUrl\":\"https:\\\/\\\/www.envirofalk.com\\\/wp-content\\\/uploads\\\/2023\\\/10\\\/Auszubildende_2023-65877c44.webp\",\"datePublished\":\"2024-01-24T09:58:05+00:00\",\"dateModified\":\"2024-06-26T08:52:26+00:00\",\"breadcrumb\":{\"@id\":\"https:\\\/\\\/www.envirofalk.com\\\/fr\\\/en-route-pour-la-formation-avec-un-sac-decole\\\/#breadcrumb\"},\"inLanguage\":\"fr-FR\",\"potentialAction\":[{\"@type\":\"ReadAction\",\"target\":[\"https:\\\/\\\/www.envirofalk.com\\\/fr\\\/en-route-pour-la-formation-avec-un-sac-decole\\\/\"]}]},{\"@type\":\"ImageObject\",\"inLanguage\":\"fr-FR\",\"@id\":\"https:\\\/\\\/www.envirofalk.com\\\/fr\\\/en-route-pour-la-formation-avec-un-sac-decole\\\/#primaryimage\",\"url\":\"https:\\\/\\\/www.envirofalk.com\\\/wp-content\\\/uploads\\\/2023\\\/10\\\/Auszubildende_2023-65877c44.webp\",\"contentUrl\":\"https:\\\/\\\/www.envirofalk.com\\\/wp-content\\\/uploads\\\/2023\\\/10\\\/Auszubildende_2023-65877c44.webp\",\"width\":770,\"height\":385,\"caption\":\"Auszubildende mit kleiner Schult\u00fcte\"},{\"@type\":\"BreadcrumbList\",\"@id\":\"https:\\\/\\\/www.envirofalk.com\\\/fr\\\/en-route-pour-la-formation-avec-un-sac-decole\\\/#breadcrumb\",\"itemListElement\":[{\"@type\":\"ListItem\",\"position\":1,\"name\":\"Home\",\"item\":\"https:\\\/\\\/www.envirofalk.com\\\/fr\\\/\"},{\"@type\":\"ListItem\",\"position\":2,\"name\":\"En route pour la formation avec un sac d&#8217;\u00e9cole !\"}]},{\"@type\":\"WebSite\",\"@id\":\"https:\\\/\\\/www.envirofalk.com\\\/fr\\\/#website\",\"url\":\"https:\\\/\\\/www.envirofalk.com\\\/fr\\\/\",\"name\":\"EnviroFALK\",\"description\":\"Wasseraufbereitungsanlagen f\u00fcr Industrie, Gewerbe &amp; Labor\",\"publisher\":{\"@id\":\"https:\\\/\\\/www.envirofalk.com\\\/fr\\\/#organization\"},\"potentialAction\":[{\"@type\":\"SearchAction\",\"target\":{\"@type\":\"EntryPoint\",\"urlTemplate\":\"https:\\\/\\\/www.envirofalk.com\\\/fr\\\/?s={search_term_string}\"},\"query-input\":{\"@type\":\"PropertyValueSpecification\",\"valueRequired\":true,\"valueName\":\"search_term_string\"}}],\"inLanguage\":\"fr-FR\"},{\"@type\":\"Organization\",\"@id\":\"https:\\\/\\\/www.envirofalk.com\\\/fr\\\/#organization\",\"name\":\"EnviroFALK\",\"url\":\"https:\\\/\\\/www.envirofalk.com\\\/fr\\\/\",\"logo\":{\"@type\":\"ImageObject\",\"inLanguage\":\"fr-FR\",\"@id\":\"https:\\\/\\\/www.envirofalk.com\\\/fr\\\/#\\\/schema\\\/logo\\\/image\\\/\",\"url\":\"https:\\\/\\\/www.envirofalk.com\\\/wp-content\\\/uploads\\\/2023\\\/01\\\/logo.svg\",\"contentUrl\":\"https:\\\/\\\/www.envirofalk.com\\\/wp-content\\\/uploads\\\/2023\\\/01\\\/logo.svg\",\"caption\":\"EnviroFALK\"},\"image\":{\"@id\":\"https:\\\/\\\/www.envirofalk.com\\\/fr\\\/#\\\/schema\\\/logo\\\/image\\\/\"},\"sameAs\":[\"https:\\\/\\\/www.facebook.com\\\/envirofalk\",\"https:\\\/\\\/www.linkedin.com\\\/company\\\/envirofalk-gmbh\",\"https:\\\/\\\/www.youtube.com\\\/channel\\\/UCM1L-2K6cfBbP3aYgJGbVdA\"],\"description\":\"EnviroFALK Prozesswassertechnik ist Ihr Spezialist f\u00fcr ma\u00dfgeschneiderte Wasseraufbereitungsl\u00f6sungen in der Industrie. Wir bieten innovative Technologien f\u00fcr die Erzeugung und Aufbereitung von Prozesswasser, um h\u00f6chste Effizienz und Qualit\u00e4t in Ihren Produktionsprozessen zu gew\u00e4hrleisten. Mit jahrzehntelanger Erfahrung entwickeln wir nachhaltige und ressourcenschonende L\u00f6sungen, die exakt auf die Anforderungen unserer Kunden abgestimmt sind. Unsere Leistungen umfassen die Filtration, Enth\u00e4rtung, Entsalzung und R\u00fcckgewinnung von Wasser f\u00fcr verschiedenste Anwendungen \u2013 von der Metallverarbeitung bis zur Lebensmittelindustrie. Unsere Experten begleiten Sie von der Planung \u00fcber die Implementierung bis hin zum Service, um eine zuverl\u00e4ssige und wirtschaftliche Wasseraufbereitung sicherzustellen.\",\"email\":\"info@envirofalk.com\",\"telephone\":\"+49 2663 9908-0\",\"legalName\":\"EnviroFALK GmbH\",\"foundingDate\":\"1989-05-01\"},{\"@type\":\"Person\",\"@id\":\"https:\\\/\\\/www.envirofalk.com\\\/fr\\\/#\\\/schema\\\/person\\\/761609683fd81d5070d746bcb2fc66ba\",\"name\":\"Leslie M\u00fcller-Goerg\"}]}<\/script>\n<!-- \/ Yoast SEO Premium plugin. -->","yoast_head_json":{"title":"En route pour la formation avec un sac d'\u00e9cole ! &#8211; EnviroFALK","robots":{"index":"index","follow":"follow","max-snippet":"max-snippet:-1","max-image-preview":"max-image-preview:large","max-video-preview":"max-video-preview:-1"},"canonical":"https:\/\/www.envirofalk.com\/fr\/en-route-pour-la-formation-avec-un-sac-decole\/","og_locale":"fr_FR","og_type":"article","og_title":"En route pour la formation avec un sac d'\u00e9cole !","og_description":"Le mois de septembre peut difficilement commencer de mani\u00e8re plus agr\u00e9able pour EnviroFALK. Cinq jeunes ont opt\u00e9 pour une formation ou un cursus en alternance dans les domaines technique et commercial. Pour un d\u00e9part parfait, les nouveaux arrivants ont \u00e9galement re\u00e7u un sac d'\u00e9cole en guise de bienvenue. Je me demande ce qu'il y a dedans.","og_url":"https:\/\/www.envirofalk.com\/fr\/en-route-pour-la-formation-avec-un-sac-decole\/","og_site_name":"EnviroFALK","article_publisher":"https:\/\/www.facebook.com\/envirofalk","article_published_time":"2024-01-24T09:58:05+00:00","article_modified_time":"2024-06-26T08:52:26+00:00","og_image":[{"width":770,"height":385,"url":"https:\/\/www.envirofalk.com\/wp-content\/uploads\/2023\/10\/Auszubildende_2023-65877c44.webp","type":"image\/webp"}],"author":"Leslie M\u00fcller-Goerg","twitter_card":"summary_large_image","twitter_misc":{"\u00c9crit par":"Leslie M\u00fcller-Goerg","Dur\u00e9e de lecture estim\u00e9e":"3 minutes"},"schema":{"@context":"https:\/\/schema.org","@graph":[{"@type":"Article","@id":"https:\/\/www.envirofalk.com\/fr\/en-route-pour-la-formation-avec-un-sac-decole\/#article","isPartOf":{"@id":"https:\/\/www.envirofalk.com\/fr\/en-route-pour-la-formation-avec-un-sac-decole\/"},"author":{"name":"Leslie M\u00fcller-Goerg","@id":"https:\/\/www.envirofalk.com\/fr\/#\/schema\/person\/761609683fd81d5070d746bcb2fc66ba"},"headline":"En route pour la formation avec un sac d&rsquo;\u00e9cole !","datePublished":"2024-01-24T09:58:05+00:00","dateModified":"2024-06-26T08:52:26+00:00","mainEntityOfPage":{"@id":"https:\/\/www.envirofalk.com\/fr\/en-route-pour-la-formation-avec-un-sac-decole\/"},"wordCount":447,"publisher":{"@id":"https:\/\/www.envirofalk.com\/fr\/#organization"},"image":{"@id":"https:\/\/www.envirofalk.com\/fr\/en-route-pour-la-formation-avec-un-sac-decole\/#primaryimage"},"thumbnailUrl":"https:\/\/www.envirofalk.com\/wp-content\/uploads\/2023\/10\/Auszubildende_2023-65877c44.webp","articleSection":["EnviroFALK","Actualit\u00e9s"],"inLanguage":"fr-FR"},{"@type":"WebPage","@id":"https:\/\/www.envirofalk.com\/fr\/en-route-pour-la-formation-avec-un-sac-decole\/","url":"https:\/\/www.envirofalk.com\/fr\/en-route-pour-la-formation-avec-un-sac-decole\/","name":"En route pour la formation avec un sac d'\u00e9cole ! &#8211; EnviroFALK","isPartOf":{"@id":"https:\/\/www.envirofalk.com\/fr\/#website"},"primaryImageOfPage":{"@id":"https:\/\/www.envirofalk.com\/fr\/en-route-pour-la-formation-avec-un-sac-decole\/#primaryimage"},"image":{"@id":"https:\/\/www.envirofalk.com\/fr\/en-route-pour-la-formation-avec-un-sac-decole\/#primaryimage"},"thumbnailUrl":"https:\/\/www.envirofalk.com\/wp-content\/uploads\/2023\/10\/Auszubildende_2023-65877c44.webp","datePublished":"2024-01-24T09:58:05+00:00","dateModified":"2024-06-26T08:52:26+00:00","breadcrumb":{"@id":"https:\/\/www.envirofalk.com\/fr\/en-route-pour-la-formation-avec-un-sac-decole\/#breadcrumb"},"inLanguage":"fr-FR","potentialAction":[{"@type":"ReadAction","target":["https:\/\/www.envirofalk.com\/fr\/en-route-pour-la-formation-avec-un-sac-decole\/"]}]},{"@type":"ImageObject","inLanguage":"fr-FR","@id":"https:\/\/www.envirofalk.com\/fr\/en-route-pour-la-formation-avec-un-sac-decole\/#primaryimage","url":"https:\/\/www.envirofalk.com\/wp-content\/uploads\/2023\/10\/Auszubildende_2023-65877c44.webp","contentUrl":"https:\/\/www.envirofalk.com\/wp-content\/uploads\/2023\/10\/Auszubildende_2023-65877c44.webp","width":770,"height":385,"caption":"Auszubildende mit kleiner Schult\u00fcte"},{"@type":"BreadcrumbList","@id":"https:\/\/www.envirofalk.com\/fr\/en-route-pour-la-formation-avec-un-sac-decole\/#breadcrumb","itemListElement":[{"@type":"ListItem","position":1,"name":"Home","item":"https:\/\/www.envirofalk.com\/fr\/"},{"@type":"ListItem","position":2,"name":"En route pour la formation avec un sac d&#8217;\u00e9cole !"}]},{"@type":"WebSite","@id":"https:\/\/www.envirofalk.com\/fr\/#website","url":"https:\/\/www.envirofalk.com\/fr\/","name":"EnviroFALK","description":"Wasseraufbereitungsanlagen f\u00fcr Industrie, Gewerbe &amp; Labor","publisher":{"@id":"https:\/\/www.envirofalk.com\/fr\/#organization"},"potentialAction":[{"@type":"SearchAction","target":{"@type":"EntryPoint","urlTemplate":"https:\/\/www.envirofalk.com\/fr\/?s={search_term_string}"},"query-input":{"@type":"PropertyValueSpecification","valueRequired":true,"valueName":"search_term_string"}}],"inLanguage":"fr-FR"},{"@type":"Organization","@id":"https:\/\/www.envirofalk.com\/fr\/#organization","name":"EnviroFALK","url":"https:\/\/www.envirofalk.com\/fr\/","logo":{"@type":"ImageObject","inLanguage":"fr-FR","@id":"https:\/\/www.envirofalk.com\/fr\/#\/schema\/logo\/image\/","url":"https:\/\/www.envirofalk.com\/wp-content\/uploads\/2023\/01\/logo.svg","contentUrl":"https:\/\/www.envirofalk.com\/wp-content\/uploads\/2023\/01\/logo.svg","caption":"EnviroFALK"},"image":{"@id":"https:\/\/www.envirofalk.com\/fr\/#\/schema\/logo\/image\/"},"sameAs":["https:\/\/www.facebook.com\/envirofalk","https:\/\/www.linkedin.com\/company\/envirofalk-gmbh","https:\/\/www.youtube.com\/channel\/UCM1L-2K6cfBbP3aYgJGbVdA"],"description":"EnviroFALK Prozesswassertechnik ist Ihr Spezialist f\u00fcr ma\u00dfgeschneiderte Wasseraufbereitungsl\u00f6sungen in der Industrie. Wir bieten innovative Technologien f\u00fcr die Erzeugung und Aufbereitung von Prozesswasser, um h\u00f6chste Effizienz und Qualit\u00e4t in Ihren Produktionsprozessen zu gew\u00e4hrleisten. Mit jahrzehntelanger Erfahrung entwickeln wir nachhaltige und ressourcenschonende L\u00f6sungen, die exakt auf die Anforderungen unserer Kunden abgestimmt sind. Unsere Leistungen umfassen die Filtration, Enth\u00e4rtung, Entsalzung und R\u00fcckgewinnung von Wasser f\u00fcr verschiedenste Anwendungen \u2013 von der Metallverarbeitung bis zur Lebensmittelindustrie. Unsere Experten begleiten Sie von der Planung \u00fcber die Implementierung bis hin zum Service, um eine zuverl\u00e4ssige und wirtschaftliche Wasseraufbereitung sicherzustellen.","email":"info@envirofalk.com","telephone":"+49 2663 9908-0","legalName":"EnviroFALK GmbH","foundingDate":"1989-05-01"},{"@type":"Person","@id":"https:\/\/www.envirofalk.com\/fr\/#\/schema\/person\/761609683fd81d5070d746bcb2fc66ba","name":"Leslie M\u00fcller-Goerg"}]}},"_links":{"self":[{"href":"https:\/\/www.envirofalk.com\/fr\/wp-json\/wp\/v2\/posts\/9009","targetHints":{"allow":["GET"]}}],"collection":[{"href":"https:\/\/www.envirofalk.com\/fr\/wp-json\/wp\/v2\/posts"}],"about":[{"href":"https:\/\/www.envirofalk.com\/fr\/wp-json\/wp\/v2\/types\/post"}],"author":[{"embeddable":true,"href":"https:\/\/www.envirofalk.com\/fr\/wp-json\/wp\/v2\/users\/5"}],"replies":[{"embeddable":true,"href":"https:\/\/www.envirofalk.com\/fr\/wp-json\/wp\/v2\/comments?post=9009"}],"version-history":[{"count":5,"href":"https:\/\/www.envirofalk.com\/fr\/wp-json\/wp\/v2\/posts\/9009\/revisions"}],"predecessor-version":[{"id":16112,"href":"https:\/\/www.envirofalk.com\/fr\/wp-json\/wp\/v2\/posts\/9009\/revisions\/16112"}],"wp:featuredmedia":[{"embeddable":true,"href":"https:\/\/www.envirofalk.com\/fr\/wp-json\/wp\/v2\/media\/7135"}],"wp:attachment":[{"href":"https:\/\/www.envirofalk.com\/fr\/wp-json\/wp\/v2\/media?parent=9009"}],"wp:term":[{"taxonomy":"category","embeddable":true,"href":"https:\/\/www.envirofalk.com\/fr\/wp-json\/wp\/v2\/categories?post=9009"},{"taxonomy":"post_tag","embeddable":true,"href":"https:\/\/www.envirofalk.com\/fr\/wp-json\/wp\/v2\/tags?post=9009"}],"curies":[{"name":"wp","href":"https:\/\/api.w.org\/{rel}","templated":true}]}}