{"id":8196,"date":"2024-01-24T10:55:13","date_gmt":"2024-01-24T09:55:13","guid":{"rendered":"https:\/\/www.envirofalk.com\/envirofalk-rachete-jwt\/"},"modified":"2024-06-26T11:13:06","modified_gmt":"2024-06-26T09:13:06","slug":"envirofalk-rachete-jwt","status":"publish","type":"post","link":"https:\/\/www.envirofalk.com\/fr\/envirofalk-rachete-jwt\/","title":{"rendered":"EnviroFALK rach\u00e8te JWT"},"content":{"rendered":"<div class=\"wpb-content-wrapper\"><p>[vc_section][vc_row full_width=\u00a0\u00bbstretch_row_content_no_spaces\u00a0\u00bb][vc_column]<div class=\"custom-top-banner img-box   has-icon\" style=\"background-image: url(https:\/\/www.envirofalk.com\/wp-content\/uploads\/2023\/08\/Regeneration_Ionenaustauscher_Regenerierstation_Deutschland.jpg)\"><div class=\"container relative\"><div class=\"text-box\"><div class=\"slideInRight animated\"><img loading=\"lazy\" decoding=\"async\" width=\"1\" height=\"1\" src=\"https:\/\/www.envirofalk.com\/wp-content\/uploads\/2023\/08\/News_Icon.svg\" class=\"attachment-120x120 size-120x120\" alt=\"Newsletter Icon\" \/><p>News<\/p><\/div><\/div><\/div><\/div>[\/vc_column][\/vc_row][\/vc_section][vc_section][vc_row css_animation=\u00a0\u00bbslideInUp\u00a0\u00bb el_class=\u00a0\u00bbtwo-columns-row tablet-row\u00a0\u00bb][vc_column width=\u00a0\u00bb3\/4&Prime;][vc_custom_heading text=\u00a0\u00bbEnviroFALK rach\u00e8te JWT\u00a0\u00bb font_container=\u00a0\u00bbtag:h1|text_align:left\u00a0\u00bb use_theme_fonts=\u00a0\u00bbyes\u00a0\u00bb][vc_column_text]<\/p>\n<h2>Nouveau site \u00e0 I\u00e9na<\/h2>\n<p>L&rsquo;entreprise de technologie de l&rsquo;eau pour le traitement de l&rsquo;eau de process, de l&rsquo;eau pure et de l&rsquo;eau ultra-pure, \u00e9tend son r\u00e9seau de distribution et de service dans toute l&rsquo;Allemagne gr\u00e2ce \u00e0 un nouveau site \u00e0 I\u00e9na.[\/vc_column_text][\/vc_column][vc_column width=\u00a0\u00bb1\/4&Prime;][vc_empty_space height=\u00a0\u00bb150px\u00a0\u00bb]<div class=\"online-consultant-box  wpb_content_element\"><div class=\"online-consultant\"><div><div class=\"person-info\"><h5>Marion Wolf<\/h5><ul class=\"person-list\"><li><a href=\"tel:+49 2663 9908-87\">+49 2663 9908-87<\/a><\/li><\/ul><\/div><\/div><div class=\"relative\"><svg xmlns=\"http:\/\/www.w3.org\/2000\/svg\" viewBox=\"0 0 32.83 32.83\">\n\t\t\t\t\t\t\t\t\t<defs>\n\t\t\t\t\t\t\t\t\t\t<linearGradient id=\"gradient\" x1=\"0%\" y1=\"0%\" x2=\"0%\" y2=\"100%\" gradientTransform=\"rotate(-135)\">\n\t\t\t\t\t\t\t\t\t\t\t<stop offset=\"0%\" stop-color=\"#97be0d\"\/>\n\t\t\t\t\t\t\t\t\t\t\t\t<stop offset=\"100%\" stop-color=\"rgba(255, 255, 255, 0)\"\/>\n\t\t\t\t\t\t\t\t\t\t<\/linearGradient>\n\t\t\t\t\t\t\t\t\t<\/defs>\n\t\t\t\t\t\t\t\t\t<path class=\"wpb_animate_when_almost_visible circular-progress\" stroke=\"url(#gradient)\" stroke-width=\"1\" stroke-dasharray=\"100, 100\" fill=\"none\" d=\"M18,2.08a15.92,15.92,0,0,1,0,31.84h0A15.92,15.92,0,0,1,18,2.08\" transform=\"translate(-1.59 -1.58)\"\/>\n                            \t<\/svg><span><img loading=\"lazy\" decoding=\"async\" width=\"800\" height=\"800\" src=\"https:\/\/www.envirofalk.com\/wp-content\/uploads\/2023\/08\/Marion-Wolf_Ansprechpartner.png\" class=\"attachment-full size-full\" alt=\"Mitarbeiterin Marion Wolf\" srcset=\"https:\/\/www.envirofalk.com\/wp-content\/uploads\/2023\/08\/Marion-Wolf_Ansprechpartner.png 800w, https:\/\/www.envirofalk.com\/wp-content\/uploads\/2023\/08\/Marion-Wolf_Ansprechpartner-350x350.png 350w, https:\/\/www.envirofalk.com\/wp-content\/uploads\/2023\/08\/Marion-Wolf_Ansprechpartner-150x150.png 150w, https:\/\/www.envirofalk.com\/wp-content\/uploads\/2023\/08\/Marion-Wolf_Ansprechpartner-768x768.png 768w\" sizes=\"auto, (max-width: 800px) 100vw, 800px\" \/><\/span><\/div><\/div><\/div>[\/vc_column][\/vc_row][vc_row][vc_column][vc_single_image image=\u00a0\u00bb1665&Prime; img_size=\u00a0\u00bbfull\u00a0\u00bb][\/vc_column][\/vc_row][vc_row][vc_column][vc_column_text]<\/p>\n<div class=\"ce_text unten30 block\">\n<h2>Croissance organique et renforcement par des acquisitions cibl\u00e9es<\/h2>\n<p>Apr\u00e8s l&rsquo;<strong>acquisition r\u00e9cente de JWT GmbH par EnviroFALK GmbH,<\/strong> la soci\u00e9t\u00e9 a <strong>fusionn\u00e9 avec EnviroFALK GmbH<\/strong> le <strong>30 avril 2023.<\/strong> Cette acquisition s&rsquo;inscrit dans la strat\u00e9gie \u00e9prouv\u00e9e d&rsquo;EnviroFALK de cro\u00eetre de mani\u00e8re organique et de se renforcer par des acquisitions cibl\u00e9es. La soci\u00e9t\u00e9 JWT GmbH reprend la fonction de la succursale EnviroFALK de Jena.<\/p>\n<p>Peter Leyendecker, directeur g\u00e9n\u00e9ral d&rsquo;EnviroFALK : <strong><em>\u00ab\u00a0Nous sommes tr\u00e8s heureux que notre partenaire de longue date, JWT, ait choisi EnviroFALK. Avec Christian Wiesenack comme directeur de la succursale et son \u00e9quipe comp\u00e9tente, nous allons renforcer et d\u00e9velopper les activit\u00e9s de service r\u00e9gionales et les relations de longue date avec nos clients en Thuringe. Nous cr\u00e9ons ainsi une base suppl\u00e9mentaire pour d\u00e9velopper durablement notre pr\u00e9sence \u00e0 l&rsquo;\u00e9chelle nationale\u00a0\u00bb.<\/em><\/strong><\/p>\n<\/div>\n<p>[\/vc_column_text][\/vc_column][\/vc_row][vc_row][vc_column][vc_column_text]<\/p>\n<div class=\"ce_text unten30 block\">\n<h2>Fournisseur de services renomm\u00e9 pour les installations de traitement de l&rsquo;eau en Thuringe<\/h2>\n<p>JWT fait partie des prestataires de services renomm\u00e9s dans le domaine des installations de traitement de l&rsquo;eau en Thuringe. Sur le site de Jena, l&rsquo;\u00e9quipe s&rsquo;occupe des travaux de montage, de la mise en service et de la maintenance des installations de traitement de l&rsquo;eau. En outre, le site propose \u00e9galement un service de r\u00e9g\u00e9n\u00e9ration des \u00e9changeurs d&rsquo;ions pour la d\u00e9min\u00e9ralisation de l&rsquo;eau.<\/p>\n<p><em>Christian Wiesenack : <strong>\u00ab\u00a0Nous sommes maintenant parfaitement positionn\u00e9s pour l&rsquo;avenir \u00e0 I\u00e9na. En tant que membre d&rsquo;EnviroFALK et donc du groupe EnviroWater, nous pouvons d\u00e9sormais faire avancer nos activit\u00e9s avec d\u00e9termination. Pour que nos clients puissent utiliser la pr\u00e9cieuse ressource qu&rsquo;est l&rsquo;eau de mani\u00e8re durable, s\u00fbre et en r\u00e9duisant la consommation d&rsquo;\u00e9nergie\u00a0\u00bb.<\/strong><\/em><\/p>\n<\/div>\n<p>[\/vc_column_text][\/vc_column][\/vc_row][vc_row][vc_column][vc_column_text]<\/p>\n<div class=\"ce_text unten30 block\">\n<h2>EnviroFALK est une entreprise du groupe EnviroWater<\/h2>\n<p>EnviroFALK est une entreprise du <a href=\"https:\/\/www.envirowatergroup.de\/de\/\" target=\"_blank\" rel=\"noopener noreferrer nofollow\">groupe EnviroWater<\/a>. Le groupe EnviroWater r\u00e9unit les comp\u00e9tences de plusieurs entreprises en tant que r\u00e9seau d&rsquo;experts pour le traitement, le traitement et la r\u00e9utilisation durables de l&rsquo;eau et des eaux us\u00e9es.<\/p>\n<\/div>\n<p>[\/vc_column_text][\/vc_column][\/vc_row][vc_row][vc_column el_class=\u00a0\u00bbhas-bg\u00a0\u00bb][vc_text_separator title=\u00a0\u00bbRemarque sur les droits d&rsquo;auteur\u00a0\u00bb i_icon_fontawesome=\u00a0\u00bbfas fa-info-circle\u00a0\u00bb i_color=\u00a0\u00bbcustom\u00a0\u00bb i_size=\u00a0\u00bblg\u00a0\u00bb add_icon=\u00a0\u00bbtrue\u00a0\u00bb i_custom_color=\u00a0\u00bb#97be0d\u00a0\u00bb][vc_column_text]En cas d&rsquo;utilisation de textes, de photos, de graphiques et de films, les r\u00e8gles du droit d&rsquo;auteur exigent la mention : \u00ab\u00a0Copyright : EnviroFALK\u00a0\u00bb.<\/p>\n<p>EnviroFALK est le seul d\u00e9tenteur de tous les droits d&rsquo;utilisateur relatifs au contenu du site, sauf indication contraire. Il est formellement interdit d&rsquo;int\u00e9grer les contenus publi\u00e9s sur ce site dans d&rsquo;autres programmes ou d&rsquo;autres sites web ou de les utiliser \u00e0 des fins autres que journalistiques l\u00e9gitimes.[\/vc_column_text][\/vc_column][\/vc_row][\/vc_section][vc_section][vc_row][vc_column]<div class=\"posts-wrapper wpb_content_element\"><h2 class=\"entry-title text-center\">Cela pourrait aussi vous int\u00e9resser<\/h2><div id=\"all-posts\" class=\"flexbox \" data-posts=\"3\" data-cat-id=\"0\"><div id=\"post-22199\" class=\"post post-22199 type-post status-publish format-standard has-post-thumbnail hentry category-envirofalk category-actualites\"><a href=\"https:\/\/www.envirofalk.com\/fr\/envirofalk-campagne-estivale-2025\/\" target=\"_self\"><figure class=\"img-box \" style=\"background-image: url(https:\/\/www.envirofalk.com\/wp-content\/uploads\/2025\/06\/Thumbnail-Sommeraktion-1.jpg)\"><\/figure><\/a><div class=\"text-box\"><ul class=\"terms-list\"><li><a href=\"https:\/\/www.envirofalk.com\/fr\/category\/envirofalk\/\">EnviroFALK<\/a><\/li><li><a href=\"https:\/\/www.envirofalk.com\/fr\/category\/actualites\/\">Actualit\u00e9s<\/a><\/li><\/ul><h3 class=\"entry-title\"><a href=\"https:\/\/www.envirofalk.com\/fr\/envirofalk-campagne-estivale-2025\/\" target=\"_self\">La campagne estivale EnviroFALK 2025<\/a><\/h3><p>C'est le moment id\u00e9al pour profiter de l'\u00e9t\u00e9. Avec tout ce qui va avec : le soleil, la l\u00e9g\u00e8ret\u00e9 et le sourire aux l\u00e8vres. Et c'est exactement ce que nous voulons vous offrir ! <a href=\"https:\/\/www.envirofalk.com\/fr\/envirofalk-campagne-estivale-2025\/\" target=\"_self\">mehr lesen<\/a><\/p><\/div><\/div><div id=\"post-22848\" class=\"post post-22848 type-post status-publish format-standard has-post-thumbnail hentry category-envirofalk category-communiques-de-presse category-actualites category-envirofalk-schweiz-fr\"><a href=\"https:\/\/www.envirofalk.com\/fr\/catalogue-de-produits\/\" target=\"_self\"><figure class=\"img-box \" style=\"background-image: url(https:\/\/www.envirofalk.com\/wp-content\/uploads\/2025\/05\/Moockup-Blaetterseiten.jpg)\"><\/figure><\/a><div class=\"text-box\"><ul class=\"terms-list\"><li><a href=\"https:\/\/www.envirofalk.com\/fr\/category\/envirofalk\/\">EnviroFALK<\/a><\/li><li><a href=\"https:\/\/www.envirofalk.com\/fr\/category\/communiques-de-presse\/\">Communiqu\u00e9s de presse<\/a><\/li><li><a href=\"https:\/\/www.envirofalk.com\/fr\/category\/actualites\/\">Actualit\u00e9s<\/a><\/li><li><a href=\"https:\/\/www.envirofalk.com\/fr\/category\/envirofalk-schweiz-fr\/\">EnviroFALK Suisse<\/a><\/li><\/ul><h3 class=\"entry-title\"><a href=\"https:\/\/www.envirofalk.com\/fr\/catalogue-de-produits\/\" target=\"_self\">A port\u00e9e de clic : le nouveau catalogue de produits EnviroFALK pour les installations de traitement de l&#039;eau.<\/a><\/h3><p>\u00dcbersichtlich nach Branchen, Verfahrenstechniken und Produkten, informativ und schick im neuen Gewand: Der neue EnviroFALK Produktkatalog f\u00fcr Ihre Rein- und Reinstwasseraufbereitung. \r\n <a href=\"https:\/\/www.envirofalk.com\/fr\/catalogue-de-produits\/\" target=\"_self\">mehr lesen<\/a><\/p><\/div><\/div><div id=\"post-18113\" class=\"post post-18113 type-post status-publish format-standard has-post-thumbnail hentry category-envirofalk category-actualites\"><a href=\"https:\/\/www.envirofalk.com\/fr\/lanniversaire-denvirofalk-en-double-exemplaire\/\" target=\"_self\"><figure class=\"img-box \" style=\"background-image: url(https:\/\/www.envirofalk.com\/wp-content\/uploads\/2024\/10\/RS690_35JahreFALK-13.jpg)\"><\/figure><\/a><div class=\"text-box\"><ul class=\"terms-list\"><li><a href=\"https:\/\/www.envirofalk.com\/fr\/category\/envirofalk\/\">EnviroFALK<\/a><\/li><li><a href=\"https:\/\/www.envirofalk.com\/fr\/category\/actualites\/\">Actualit\u00e9s<\/a><\/li><\/ul><h3 class=\"entry-title\"><a href=\"https:\/\/www.envirofalk.com\/fr\/lanniversaire-denvirofalk-en-double-exemplaire\/\" target=\"_self\">L&#039;anniversaire d&#039;EnviroFALK en double exemplaire<\/a><\/h3><p>35 ans d'EnviroFALK en Allemagne et 30 ans en Suisse - c'\u00e9tait notre f\u00eate d'anniversaire. <a href=\"https:\/\/www.envirofalk.com\/fr\/lanniversaire-denvirofalk-en-double-exemplaire\/\" target=\"_self\">mehr lesen<\/a><\/p><\/div><\/div><\/div><div class=\"not-found\"><h3>Keine Eintr\u00e4ge gefunden<\/h3><\/div><div class=\"text-center\"><a href=\"#\" id=\"load-more\" class=\"load-more\">mehr laden<\/a><\/div><\/div>[\/vc_column][\/vc_row][\/vc_section]<\/p>\n<\/div>","protected":false},"excerpt":{"rendered":"<p>L&rsquo;entreprise de technologie de l&rsquo;eau pour le traitement de l&rsquo;eau de process, de l&rsquo;eau pure et de l&rsquo;eau ultra-pure, \u00e9tend son r\u00e9seau de distribution et de service dans toute l&rsquo;Allemagne gr\u00e2ce \u00e0 un nouveau site \u00e0 I\u00e9na.<\/p>\n","protected":false},"author":3,"featured_media":6413,"comment_status":"closed","ping_status":"open","sticky":false,"template":"","format":"standard","meta":{"_acf_changed":false,"rs_blank_template":"","rs_page_bg_color":"","slide_template_v7":"","footnotes":""},"categories":[101,103],"tags":[],"class_list":["post-8196","post","type-post","status-publish","format-standard","has-post-thumbnail","hentry","category-envirofalk","category-communiques-de-presse"],"acf":[],"yoast_head":"<!-- This site is optimized with the Yoast SEO Premium plugin v27.5 (Yoast SEO v27.5) - https:\/\/yoast.com\/product\/yoast-seo-premium-wordpress\/ -->\n<title>EnviroFALK rach\u00e8te JWT &#8211; EnviroFALK<\/title>\n<meta name=\"robots\" content=\"index, follow, max-snippet:-1, max-image-preview:large, max-video-preview:-1\" \/>\n<link rel=\"canonical\" href=\"https:\/\/www.envirofalk.com\/fr\/envirofalk-rachete-jwt\/\" \/>\n<meta property=\"og:locale\" content=\"fr_FR\" \/>\n<meta property=\"og:type\" content=\"article\" \/>\n<meta property=\"og:title\" content=\"EnviroFALK rach\u00e8te JWT\" \/>\n<meta property=\"og:description\" content=\"L&#039;entreprise de technologie de l&#039;eau pour le traitement de l&#039;eau de process, de l&#039;eau pure et de l&#039;eau ultra-pure, \u00e9tend son r\u00e9seau de distribution et de service dans toute l&#039;Allemagne gr\u00e2ce \u00e0 un nouveau site \u00e0 I\u00e9na.\" \/>\n<meta property=\"og:url\" content=\"https:\/\/www.envirofalk.com\/fr\/envirofalk-rachete-jwt\/\" \/>\n<meta property=\"og:site_name\" content=\"EnviroFALK\" \/>\n<meta property=\"article:publisher\" content=\"https:\/\/www.facebook.com\/envirofalk\" \/>\n<meta property=\"article:published_time\" content=\"2024-01-24T09:55:13+00:00\" \/>\n<meta property=\"article:modified_time\" content=\"2024-06-26T09:13:06+00:00\" \/>\n<meta property=\"og:image\" content=\"https:\/\/www.envirofalk.com\/wp-content\/uploads\/2023\/09\/Bild_2023-09-11_142229226.jpg\" \/>\n\t<meta property=\"og:image:width\" content=\"770\" \/>\n\t<meta property=\"og:image:height\" content=\"385\" \/>\n\t<meta property=\"og:image:type\" content=\"image\/jpeg\" \/>\n<meta name=\"author\" content=\"Kevin B\u00f6hm\" \/>\n<meta name=\"twitter:card\" content=\"summary_large_image\" \/>\n<meta name=\"twitter:label1\" content=\"\u00c9crit par\" \/>\n\t<meta name=\"twitter:data1\" content=\"Kevin B\u00f6hm\" \/>\n\t<meta name=\"twitter:label2\" content=\"Dur\u00e9e de lecture estim\u00e9e\" \/>\n\t<meta name=\"twitter:data2\" content=\"4 minutes\" \/>\n<script type=\"application\/ld+json\" class=\"yoast-schema-graph\">{\"@context\":\"https:\\\/\\\/schema.org\",\"@graph\":[{\"@type\":\"Article\",\"@id\":\"https:\\\/\\\/www.envirofalk.com\\\/fr\\\/envirofalk-rachete-jwt\\\/#article\",\"isPartOf\":{\"@id\":\"https:\\\/\\\/www.envirofalk.com\\\/fr\\\/envirofalk-rachete-jwt\\\/\"},\"author\":{\"name\":\"Kevin B\u00f6hm\",\"@id\":\"https:\\\/\\\/www.envirofalk.com\\\/fr\\\/#\\\/schema\\\/person\\\/f62e04214ddbe31da61d55fe26cb9bce\"},\"headline\":\"EnviroFALK rach\u00e8te JWT\",\"datePublished\":\"2024-01-24T09:55:13+00:00\",\"dateModified\":\"2024-06-26T09:13:06+00:00\",\"mainEntityOfPage\":{\"@id\":\"https:\\\/\\\/www.envirofalk.com\\\/fr\\\/envirofalk-rachete-jwt\\\/\"},\"wordCount\":701,\"publisher\":{\"@id\":\"https:\\\/\\\/www.envirofalk.com\\\/fr\\\/#organization\"},\"image\":{\"@id\":\"https:\\\/\\\/www.envirofalk.com\\\/fr\\\/envirofalk-rachete-jwt\\\/#primaryimage\"},\"thumbnailUrl\":\"https:\\\/\\\/www.envirofalk.com\\\/wp-content\\\/uploads\\\/2023\\\/09\\\/Bild_2023-09-11_142229226.jpg\",\"articleSection\":[\"EnviroFALK\",\"Communiqu\u00e9s de presse\"],\"inLanguage\":\"fr-FR\"},{\"@type\":\"WebPage\",\"@id\":\"https:\\\/\\\/www.envirofalk.com\\\/fr\\\/envirofalk-rachete-jwt\\\/\",\"url\":\"https:\\\/\\\/www.envirofalk.com\\\/fr\\\/envirofalk-rachete-jwt\\\/\",\"name\":\"EnviroFALK rach\u00e8te JWT &#8211; EnviroFALK\",\"isPartOf\":{\"@id\":\"https:\\\/\\\/www.envirofalk.com\\\/fr\\\/#website\"},\"primaryImageOfPage\":{\"@id\":\"https:\\\/\\\/www.envirofalk.com\\\/fr\\\/envirofalk-rachete-jwt\\\/#primaryimage\"},\"image\":{\"@id\":\"https:\\\/\\\/www.envirofalk.com\\\/fr\\\/envirofalk-rachete-jwt\\\/#primaryimage\"},\"thumbnailUrl\":\"https:\\\/\\\/www.envirofalk.com\\\/wp-content\\\/uploads\\\/2023\\\/09\\\/Bild_2023-09-11_142229226.jpg\",\"datePublished\":\"2024-01-24T09:55:13+00:00\",\"dateModified\":\"2024-06-26T09:13:06+00:00\",\"breadcrumb\":{\"@id\":\"https:\\\/\\\/www.envirofalk.com\\\/fr\\\/envirofalk-rachete-jwt\\\/#breadcrumb\"},\"inLanguage\":\"fr-FR\",\"potentialAction\":[{\"@type\":\"ReadAction\",\"target\":[\"https:\\\/\\\/www.envirofalk.com\\\/fr\\\/envirofalk-rachete-jwt\\\/\"]}]},{\"@type\":\"ImageObject\",\"inLanguage\":\"fr-FR\",\"@id\":\"https:\\\/\\\/www.envirofalk.com\\\/fr\\\/envirofalk-rachete-jwt\\\/#primaryimage\",\"url\":\"https:\\\/\\\/www.envirofalk.com\\\/wp-content\\\/uploads\\\/2023\\\/09\\\/Bild_2023-09-11_142229226.jpg\",\"contentUrl\":\"https:\\\/\\\/www.envirofalk.com\\\/wp-content\\\/uploads\\\/2023\\\/09\\\/Bild_2023-09-11_142229226.jpg\",\"width\":770,\"height\":385,\"caption\":\"Gesch\u00e4ftsf\u00fchrer und neuer Mitarbeiter vor EnviroFALK Anlage\"},{\"@type\":\"BreadcrumbList\",\"@id\":\"https:\\\/\\\/www.envirofalk.com\\\/fr\\\/envirofalk-rachete-jwt\\\/#breadcrumb\",\"itemListElement\":[{\"@type\":\"ListItem\",\"position\":1,\"name\":\"Home\",\"item\":\"https:\\\/\\\/www.envirofalk.com\\\/fr\\\/\"},{\"@type\":\"ListItem\",\"position\":2,\"name\":\"EnviroFALK rach\u00e8te JWT\"}]},{\"@type\":\"WebSite\",\"@id\":\"https:\\\/\\\/www.envirofalk.com\\\/fr\\\/#website\",\"url\":\"https:\\\/\\\/www.envirofalk.com\\\/fr\\\/\",\"name\":\"EnviroFALK\",\"description\":\"Wasseraufbereitungsanlagen f\u00fcr Industrie, Gewerbe &amp; Labor\",\"publisher\":{\"@id\":\"https:\\\/\\\/www.envirofalk.com\\\/fr\\\/#organization\"},\"potentialAction\":[{\"@type\":\"SearchAction\",\"target\":{\"@type\":\"EntryPoint\",\"urlTemplate\":\"https:\\\/\\\/www.envirofalk.com\\\/fr\\\/?s={search_term_string}\"},\"query-input\":{\"@type\":\"PropertyValueSpecification\",\"valueRequired\":true,\"valueName\":\"search_term_string\"}}],\"inLanguage\":\"fr-FR\"},{\"@type\":\"Organization\",\"@id\":\"https:\\\/\\\/www.envirofalk.com\\\/fr\\\/#organization\",\"name\":\"EnviroFALK\",\"url\":\"https:\\\/\\\/www.envirofalk.com\\\/fr\\\/\",\"logo\":{\"@type\":\"ImageObject\",\"inLanguage\":\"fr-FR\",\"@id\":\"https:\\\/\\\/www.envirofalk.com\\\/fr\\\/#\\\/schema\\\/logo\\\/image\\\/\",\"url\":\"https:\\\/\\\/www.envirofalk.com\\\/wp-content\\\/uploads\\\/2023\\\/01\\\/logo.svg\",\"contentUrl\":\"https:\\\/\\\/www.envirofalk.com\\\/wp-content\\\/uploads\\\/2023\\\/01\\\/logo.svg\",\"caption\":\"EnviroFALK\"},\"image\":{\"@id\":\"https:\\\/\\\/www.envirofalk.com\\\/fr\\\/#\\\/schema\\\/logo\\\/image\\\/\"},\"sameAs\":[\"https:\\\/\\\/www.facebook.com\\\/envirofalk\",\"https:\\\/\\\/www.linkedin.com\\\/company\\\/envirofalk-gmbh\",\"https:\\\/\\\/www.youtube.com\\\/channel\\\/UCM1L-2K6cfBbP3aYgJGbVdA\"],\"description\":\"EnviroFALK Prozesswassertechnik ist Ihr Spezialist f\u00fcr ma\u00dfgeschneiderte Wasseraufbereitungsl\u00f6sungen in der Industrie. Wir bieten innovative Technologien f\u00fcr die Erzeugung und Aufbereitung von Prozesswasser, um h\u00f6chste Effizienz und Qualit\u00e4t in Ihren Produktionsprozessen zu gew\u00e4hrleisten. Mit jahrzehntelanger Erfahrung entwickeln wir nachhaltige und ressourcenschonende L\u00f6sungen, die exakt auf die Anforderungen unserer Kunden abgestimmt sind. Unsere Leistungen umfassen die Filtration, Enth\u00e4rtung, Entsalzung und R\u00fcckgewinnung von Wasser f\u00fcr verschiedenste Anwendungen \u2013 von der Metallverarbeitung bis zur Lebensmittelindustrie. Unsere Experten begleiten Sie von der Planung \u00fcber die Implementierung bis hin zum Service, um eine zuverl\u00e4ssige und wirtschaftliche Wasseraufbereitung sicherzustellen.\",\"email\":\"info@envirofalk.com\",\"telephone\":\"+49 2663 9908-0\",\"legalName\":\"EnviroFALK GmbH\",\"foundingDate\":\"1989-05-01\"},{\"@type\":\"Person\",\"@id\":\"https:\\\/\\\/www.envirofalk.com\\\/fr\\\/#\\\/schema\\\/person\\\/f62e04214ddbe31da61d55fe26cb9bce\",\"name\":\"Kevin B\u00f6hm\"}]}<\/script>\n<!-- \/ Yoast SEO Premium plugin. -->","yoast_head_json":{"title":"EnviroFALK rach\u00e8te JWT &#8211; EnviroFALK","robots":{"index":"index","follow":"follow","max-snippet":"max-snippet:-1","max-image-preview":"max-image-preview:large","max-video-preview":"max-video-preview:-1"},"canonical":"https:\/\/www.envirofalk.com\/fr\/envirofalk-rachete-jwt\/","og_locale":"fr_FR","og_type":"article","og_title":"EnviroFALK rach\u00e8te JWT","og_description":"L'entreprise de technologie de l'eau pour le traitement de l'eau de process, de l'eau pure et de l'eau ultra-pure, \u00e9tend son r\u00e9seau de distribution et de service dans toute l'Allemagne gr\u00e2ce \u00e0 un nouveau site \u00e0 I\u00e9na.","og_url":"https:\/\/www.envirofalk.com\/fr\/envirofalk-rachete-jwt\/","og_site_name":"EnviroFALK","article_publisher":"https:\/\/www.facebook.com\/envirofalk","article_published_time":"2024-01-24T09:55:13+00:00","article_modified_time":"2024-06-26T09:13:06+00:00","og_image":[{"width":770,"height":385,"url":"https:\/\/www.envirofalk.com\/wp-content\/uploads\/2023\/09\/Bild_2023-09-11_142229226.jpg","type":"image\/jpeg"}],"author":"Kevin B\u00f6hm","twitter_card":"summary_large_image","twitter_misc":{"\u00c9crit par":"Kevin B\u00f6hm","Dur\u00e9e de lecture estim\u00e9e":"4 minutes"},"schema":{"@context":"https:\/\/schema.org","@graph":[{"@type":"Article","@id":"https:\/\/www.envirofalk.com\/fr\/envirofalk-rachete-jwt\/#article","isPartOf":{"@id":"https:\/\/www.envirofalk.com\/fr\/envirofalk-rachete-jwt\/"},"author":{"name":"Kevin B\u00f6hm","@id":"https:\/\/www.envirofalk.com\/fr\/#\/schema\/person\/f62e04214ddbe31da61d55fe26cb9bce"},"headline":"EnviroFALK rach\u00e8te JWT","datePublished":"2024-01-24T09:55:13+00:00","dateModified":"2024-06-26T09:13:06+00:00","mainEntityOfPage":{"@id":"https:\/\/www.envirofalk.com\/fr\/envirofalk-rachete-jwt\/"},"wordCount":701,"publisher":{"@id":"https:\/\/www.envirofalk.com\/fr\/#organization"},"image":{"@id":"https:\/\/www.envirofalk.com\/fr\/envirofalk-rachete-jwt\/#primaryimage"},"thumbnailUrl":"https:\/\/www.envirofalk.com\/wp-content\/uploads\/2023\/09\/Bild_2023-09-11_142229226.jpg","articleSection":["EnviroFALK","Communiqu\u00e9s de presse"],"inLanguage":"fr-FR"},{"@type":"WebPage","@id":"https:\/\/www.envirofalk.com\/fr\/envirofalk-rachete-jwt\/","url":"https:\/\/www.envirofalk.com\/fr\/envirofalk-rachete-jwt\/","name":"EnviroFALK rach\u00e8te JWT &#8211; EnviroFALK","isPartOf":{"@id":"https:\/\/www.envirofalk.com\/fr\/#website"},"primaryImageOfPage":{"@id":"https:\/\/www.envirofalk.com\/fr\/envirofalk-rachete-jwt\/#primaryimage"},"image":{"@id":"https:\/\/www.envirofalk.com\/fr\/envirofalk-rachete-jwt\/#primaryimage"},"thumbnailUrl":"https:\/\/www.envirofalk.com\/wp-content\/uploads\/2023\/09\/Bild_2023-09-11_142229226.jpg","datePublished":"2024-01-24T09:55:13+00:00","dateModified":"2024-06-26T09:13:06+00:00","breadcrumb":{"@id":"https:\/\/www.envirofalk.com\/fr\/envirofalk-rachete-jwt\/#breadcrumb"},"inLanguage":"fr-FR","potentialAction":[{"@type":"ReadAction","target":["https:\/\/www.envirofalk.com\/fr\/envirofalk-rachete-jwt\/"]}]},{"@type":"ImageObject","inLanguage":"fr-FR","@id":"https:\/\/www.envirofalk.com\/fr\/envirofalk-rachete-jwt\/#primaryimage","url":"https:\/\/www.envirofalk.com\/wp-content\/uploads\/2023\/09\/Bild_2023-09-11_142229226.jpg","contentUrl":"https:\/\/www.envirofalk.com\/wp-content\/uploads\/2023\/09\/Bild_2023-09-11_142229226.jpg","width":770,"height":385,"caption":"Gesch\u00e4ftsf\u00fchrer und neuer Mitarbeiter vor EnviroFALK Anlage"},{"@type":"BreadcrumbList","@id":"https:\/\/www.envirofalk.com\/fr\/envirofalk-rachete-jwt\/#breadcrumb","itemListElement":[{"@type":"ListItem","position":1,"name":"Home","item":"https:\/\/www.envirofalk.com\/fr\/"},{"@type":"ListItem","position":2,"name":"EnviroFALK rach\u00e8te JWT"}]},{"@type":"WebSite","@id":"https:\/\/www.envirofalk.com\/fr\/#website","url":"https:\/\/www.envirofalk.com\/fr\/","name":"EnviroFALK","description":"Wasseraufbereitungsanlagen f\u00fcr Industrie, Gewerbe &amp; Labor","publisher":{"@id":"https:\/\/www.envirofalk.com\/fr\/#organization"},"potentialAction":[{"@type":"SearchAction","target":{"@type":"EntryPoint","urlTemplate":"https:\/\/www.envirofalk.com\/fr\/?s={search_term_string}"},"query-input":{"@type":"PropertyValueSpecification","valueRequired":true,"valueName":"search_term_string"}}],"inLanguage":"fr-FR"},{"@type":"Organization","@id":"https:\/\/www.envirofalk.com\/fr\/#organization","name":"EnviroFALK","url":"https:\/\/www.envirofalk.com\/fr\/","logo":{"@type":"ImageObject","inLanguage":"fr-FR","@id":"https:\/\/www.envirofalk.com\/fr\/#\/schema\/logo\/image\/","url":"https:\/\/www.envirofalk.com\/wp-content\/uploads\/2023\/01\/logo.svg","contentUrl":"https:\/\/www.envirofalk.com\/wp-content\/uploads\/2023\/01\/logo.svg","caption":"EnviroFALK"},"image":{"@id":"https:\/\/www.envirofalk.com\/fr\/#\/schema\/logo\/image\/"},"sameAs":["https:\/\/www.facebook.com\/envirofalk","https:\/\/www.linkedin.com\/company\/envirofalk-gmbh","https:\/\/www.youtube.com\/channel\/UCM1L-2K6cfBbP3aYgJGbVdA"],"description":"EnviroFALK Prozesswassertechnik ist Ihr Spezialist f\u00fcr ma\u00dfgeschneiderte Wasseraufbereitungsl\u00f6sungen in der Industrie. Wir bieten innovative Technologien f\u00fcr die Erzeugung und Aufbereitung von Prozesswasser, um h\u00f6chste Effizienz und Qualit\u00e4t in Ihren Produktionsprozessen zu gew\u00e4hrleisten. Mit jahrzehntelanger Erfahrung entwickeln wir nachhaltige und ressourcenschonende L\u00f6sungen, die exakt auf die Anforderungen unserer Kunden abgestimmt sind. Unsere Leistungen umfassen die Filtration, Enth\u00e4rtung, Entsalzung und R\u00fcckgewinnung von Wasser f\u00fcr verschiedenste Anwendungen \u2013 von der Metallverarbeitung bis zur Lebensmittelindustrie. Unsere Experten begleiten Sie von der Planung \u00fcber die Implementierung bis hin zum Service, um eine zuverl\u00e4ssige und wirtschaftliche Wasseraufbereitung sicherzustellen.","email":"info@envirofalk.com","telephone":"+49 2663 9908-0","legalName":"EnviroFALK GmbH","foundingDate":"1989-05-01"},{"@type":"Person","@id":"https:\/\/www.envirofalk.com\/fr\/#\/schema\/person\/f62e04214ddbe31da61d55fe26cb9bce","name":"Kevin B\u00f6hm"}]}},"_links":{"self":[{"href":"https:\/\/www.envirofalk.com\/fr\/wp-json\/wp\/v2\/posts\/8196","targetHints":{"allow":["GET"]}}],"collection":[{"href":"https:\/\/www.envirofalk.com\/fr\/wp-json\/wp\/v2\/posts"}],"about":[{"href":"https:\/\/www.envirofalk.com\/fr\/wp-json\/wp\/v2\/types\/post"}],"author":[{"embeddable":true,"href":"https:\/\/www.envirofalk.com\/fr\/wp-json\/wp\/v2\/users\/3"}],"replies":[{"embeddable":true,"href":"https:\/\/www.envirofalk.com\/fr\/wp-json\/wp\/v2\/comments?post=8196"}],"version-history":[{"count":3,"href":"https:\/\/www.envirofalk.com\/fr\/wp-json\/wp\/v2\/posts\/8196\/revisions"}],"predecessor-version":[{"id":16126,"href":"https:\/\/www.envirofalk.com\/fr\/wp-json\/wp\/v2\/posts\/8196\/revisions\/16126"}],"wp:featuredmedia":[{"embeddable":true,"href":"https:\/\/www.envirofalk.com\/fr\/wp-json\/wp\/v2\/media\/6413"}],"wp:attachment":[{"href":"https:\/\/www.envirofalk.com\/fr\/wp-json\/wp\/v2\/media?parent=8196"}],"wp:term":[{"taxonomy":"category","embeddable":true,"href":"https:\/\/www.envirofalk.com\/fr\/wp-json\/wp\/v2\/categories?post=8196"},{"taxonomy":"post_tag","embeddable":true,"href":"https:\/\/www.envirofalk.com\/fr\/wp-json\/wp\/v2\/tags?post=8196"}],"curies":[{"name":"wp","href":"https:\/\/api.w.org\/{rel}","templated":true}]}}