{"id":14342,"date":"2023-10-17T09:14:32","date_gmt":"2023-10-17T07:14:32","guid":{"rendered":"https:\/\/www.envirofalk.com\/noch-mehr-platz-fuer-gute-gespraeche\/"},"modified":"2024-04-19T11:36:09","modified_gmt":"2024-04-19T09:36:09","slug":"noch-mehr-platz-fuer-gute-gespraeche","status":"publish","type":"post","link":"https:\/\/www.envirofalk.com\/ch\/noch-mehr-platz-fuer-gute-gespraeche\/","title":{"rendered":"Noch mehr Platz f\u00fcr gute Gespr\u00e4che"},"content":{"rendered":"<div class=\"wpb-content-wrapper\"><p>[vc_section][vc_row full_width=&#187;stretch_row_content_no_spaces&#187;][vc_column]<div class=\"custom-top-banner img-box   has-icon\" style=\"background-image: url(https:\/\/www.envirofalk.com\/wp-content\/uploads\/2023\/08\/Regeneration_Ionenaustauscher_Regenerierstation_Deutschland.jpg)\"><div class=\"container relative\"><div class=\"text-box\"><div class=\"slideInRight animated\"><img loading=\"lazy\" decoding=\"async\" width=\"1\" height=\"1\" src=\"https:\/\/www.envirofalk.com\/wp-content\/uploads\/2023\/08\/News_Icon.svg\" class=\"attachment-120x120 size-120x120\" alt=\"Newsletter Icon\" \/><p>Aktuelles von EnviroFALK<\/p><\/div><\/div><\/div><\/div>[\/vc_column][\/vc_row][\/vc_section][vc_section][vc_row css_animation=&#187;slideInUp&#187; el_class=&#187;two-columns-row tablet-row&#187;][vc_column width=&#187;3\/4&#8243;][vc_custom_heading text=&#187;Neuer Anbau nimmt Gestalt an&#187; font_container=&#187;tag:h1|text_align:left&#187; use_theme_fonts=&#187;yes&#187;][vc_column_text]<\/p>\n<div class=\"ce_text unten30 block\">\n<h2>Noch mehr Platz f\u00fcr gute Gespr\u00e4che<\/h2>\n<p><span class=\"ngenf\">Die ersten Weihnachtsw\u00fcnsche gehen bei EnviroFALK am Hauptstandort Westerburg schon in Erf\u00fcllung. Step by step <\/span>entsteht unser Anbau mit neuen Besprechungsr\u00e4umen. Einen kleinen Eindruck dazu bot die heutige Mitarbeiter-Veranstaltung.<\/p>\n<\/div>\n<p>[\/vc_column_text][\/vc_column][vc_column width=&#187;1\/4&#8243;][vc_empty_space height=&#187;150px&#187;]<div class=\"online-consultant-box  wpb_content_element\"><div class=\"online-consultant\"><div><div class=\"wpb_text_column\"><p style=\"text-align: center;\">Marketing &amp; Kommunikation<\/p>\n<\/div><div class=\"person-info\"><h5>Marion Wolf<\/h5><ul class=\"person-list\"><li><a href=\"tel:+49 2663 9908-87\">+49 2663 9908-87<\/a><\/li><\/ul><\/div><\/div><div class=\"relative\"><svg xmlns=\"http:\/\/www.w3.org\/2000\/svg\" viewBox=\"0 0 32.83 32.83\">\n\t\t\t\t\t\t\t\t\t<defs>\n\t\t\t\t\t\t\t\t\t\t<linearGradient id=\"gradient\" x1=\"0%\" y1=\"0%\" x2=\"0%\" y2=\"100%\" gradientTransform=\"rotate(-135)\">\n\t\t\t\t\t\t\t\t\t\t\t<stop offset=\"0%\" stop-color=\"#97be0d\"\/>\n\t\t\t\t\t\t\t\t\t\t\t\t<stop offset=\"100%\" stop-color=\"rgba(255, 255, 255, 0)\"\/>\n\t\t\t\t\t\t\t\t\t\t<\/linearGradient>\n\t\t\t\t\t\t\t\t\t<\/defs>\n\t\t\t\t\t\t\t\t\t<path class=\"wpb_animate_when_almost_visible circular-progress\" stroke=\"url(#gradient)\" stroke-width=\"1\" stroke-dasharray=\"100, 100\" fill=\"none\" d=\"M18,2.08a15.92,15.92,0,0,1,0,31.84h0A15.92,15.92,0,0,1,18,2.08\" transform=\"translate(-1.59 -1.58)\"\/>\n                            \t<\/svg><span><img loading=\"lazy\" decoding=\"async\" width=\"800\" height=\"800\" src=\"https:\/\/www.envirofalk.com\/wp-content\/uploads\/2023\/08\/Marion-Wolf_Ansprechpartner.png\" class=\"attachment-full size-full\" alt=\"\" srcset=\"https:\/\/www.envirofalk.com\/wp-content\/uploads\/2023\/08\/Marion-Wolf_Ansprechpartner.png 800w, https:\/\/www.envirofalk.com\/wp-content\/uploads\/2023\/08\/Marion-Wolf_Ansprechpartner-350x350.png 350w, https:\/\/www.envirofalk.com\/wp-content\/uploads\/2023\/08\/Marion-Wolf_Ansprechpartner-150x150.png 150w, https:\/\/www.envirofalk.com\/wp-content\/uploads\/2023\/08\/Marion-Wolf_Ansprechpartner-768x768.png 768w\" sizes=\"auto, (max-width: 800px) 100vw, 800px\" \/><\/span><\/div><\/div><\/div>[\/vc_column][\/vc_row][vc_row][vc_column][vc_gallery interval=&#187;3&#8243; images=&#187;4301,5276&#8243; img_size=&#187;full&#187;][\/vc_column][\/vc_row][vc_row][vc_column][vc_column_text]<\/p>\n<div class=\"ce_text unten30 block\">\n<h2>Herzlichen Dank an alle Handwerksbetriebe<\/h2>\n<p><span class=\"ngenf\">Viele flei\u00dfige Handwerker haben in den letzten Monaten dazu beigetragen, unsere Ideen und Pl\u00e4ne in die Tat umzusetzen.<\/span><\/p>\n<p>Im n\u00e4chsten Schritt geht es an den Innenausbau. Schon fast greifbar, lichtdurchflutete Meetingr\u00e4ume mit modernster Technik und herzlichem Wohlf\u00fchlfaktor.<\/p>\n<p>Denn eines ist sicher: EnviroFALK ist immer einen Besuch wert.<\/p>\n<h2><strong><em>Wann d\u00fcrfen wir Sie willkommen hei\u00dfen? <\/em><\/strong><\/h2>\n<\/div>\n<p>[\/vc_column_text][\/vc_column][\/vc_row][vc_row][vc_column el_class=&#187;has-bg&#187;][vc_text_separator title=&#187;Hinweis zum Urheberrecht&#187; i_icon_fontawesome=&#187;fas fa-info-circle&#187; i_color=&#187;custom&#187; i_size=&#187;lg&#187; add_icon=&#187;true&#187; i_custom_color=&#187;#97be0d&#187;][vc_column_text]Bei der Verwendung von Texten, Fotos, Grafiken und Filmen ist nach den Regeln des Urheberrechts der Hinweis: &#171;Copyright: EnviroFALK&#187; erforderlich.<\/p>\n<p>EnviroFALK ist alleinige Inhaberin s\u00e4mtlicher Benutzerrechte, die sich auf den Inhalt der Website beziehen, es sei denn, es ist etwas anderes angegeben. Es ist ausdr\u00fccklich untersagt, die auf dieser Website ver\u00f6ffentlichten Inhalte in andere Programme oder andere Websites zu integrieren oder sie f\u00fcr andere als legitime journalistische Zwecke zu nutzen.[\/vc_column_text][\/vc_column][\/vc_row][\/vc_section][vc_section][vc_row][vc_column]<div class=\"posts-wrapper wpb_content_element\"><h2 class=\"entry-title text-center\">Das k\u00f6nnte Sie auch interessieren<\/h2><div id=\"all-posts\" class=\"flexbox \" data-posts=\"3\" data-cat-id=\"45\"><div id=\"post-22200\" class=\"post post-22200 type-post status-publish format-standard has-post-thumbnail hentry category-envirofalk-firmennews-ch category-aktuelles-ch\"><a href=\"https:\/\/www.envirofalk.com\/ch\/envirofalk-sommeraktion-2025\/\" target=\"_self\"><figure class=\"img-box \" style=\"background-image: url(https:\/\/www.envirofalk.com\/wp-content\/uploads\/2025\/06\/Thumbnail-Sommeraktion-1.jpg)\"><\/figure><\/a><div class=\"text-box\"><ul class=\"terms-list\"><li><a href=\"https:\/\/www.envirofalk.com\/ch\/category\/envirofalk-firmennews-ch\/\">EnviroFALK<\/a><\/li><li><a href=\"https:\/\/www.envirofalk.com\/ch\/category\/aktuelles-ch\/\">News<\/a><\/li><\/ul><h3 class=\"entry-title\"><a href=\"https:\/\/www.envirofalk.com\/ch\/envirofalk-sommeraktion-2025\/\" target=\"_self\">Die EnviroFALK Sommeraktion 2025<\/a><\/h3><p>Jetzt ist die perfekte Zeit, den Sommer zu genie\u00dfen. Mit allem, was dazugeh\u00f6rt: Sonne, Leichtigkeit und einem L\u00e4cheln im Gesicht. Und genau das m\u00f6chten wir Ihnen schenken! <a href=\"https:\/\/www.envirofalk.com\/ch\/envirofalk-sommeraktion-2025\/\" target=\"_self\">mehr lesen<\/a><\/p><\/div><\/div><div id=\"post-20665\" class=\"post post-20665 type-post status-publish format-standard has-post-thumbnail hentry category-pressemitteilungen-ch category-envirofalk-firmennews-ch category-envirofalk-schweiz-ch category-aktuelles-ch\"><a href=\"https:\/\/www.envirofalk.com\/ch\/produktkatalog-wasseraufbereitungsanlagen\/\" target=\"_self\"><figure class=\"img-box \" style=\"background-image: url(https:\/\/www.envirofalk.com\/wp-content\/uploads\/2025\/05\/Moockup-Blaetterseiten.jpg)\"><\/figure><\/a><div class=\"text-box\"><ul class=\"terms-list\"><li><a href=\"https:\/\/www.envirofalk.com\/ch\/category\/pressemitteilungen-ch\/\">Pressemitteilungen<\/a><\/li><li><a href=\"https:\/\/www.envirofalk.com\/ch\/category\/envirofalk-firmennews-ch\/\">EnviroFALK<\/a><\/li><li><a href=\"https:\/\/www.envirofalk.com\/ch\/category\/envirofalk-schweiz-ch\/\">EnviroFALK Schweiz<\/a><\/li><li><a href=\"https:\/\/www.envirofalk.com\/ch\/category\/aktuelles-ch\/\">News<\/a><\/li><\/ul><h3 class=\"entry-title\"><a href=\"https:\/\/www.envirofalk.com\/ch\/produktkatalog-wasseraufbereitungsanlagen\/\" target=\"_self\">Nur ein Klick entfernt: Der neuer EnviroFALK Produktkatalog f\u00fcr Wasseraufbereitungsanlagen.<\/a><\/h3><p>\u00dcbersichtlich nach Branchen, Verfahrenstechniken und Produkten, informativ und schick im neuen Gewand: Der neue EnviroFALK Produktkatalog f\u00fcr Ihre Rein- und Reinstwasseraufbereitung. \r\n <a href=\"https:\/\/www.envirofalk.com\/ch\/produktkatalog-wasseraufbereitungsanlagen\/\" target=\"_self\">mehr lesen<\/a><\/p><\/div><\/div><div id=\"post-20339\" class=\"post post-20339 type-post status-publish format-standard has-post-thumbnail hentry category-envirofalk-firmennews-ch category-aktuelles-ch category-pressemitteilungen-ch category-krankenhaeuser-labore-ch\"><a href=\"https:\/\/www.envirofalk.com\/ch\/reinstwassersystem_labor\/\" target=\"_self\"><figure class=\"img-box \" style=\"background-image: url(https:\/\/www.envirofalk.com\/wp-content\/uploads\/2023\/09\/EF_Bundesumweltamt_Zugspitze_2.jpg)\"><\/figure><\/a><div class=\"text-box\"><ul class=\"terms-list\"><li><a href=\"https:\/\/www.envirofalk.com\/ch\/category\/envirofalk-firmennews-ch\/\">EnviroFALK<\/a><\/li><li><a href=\"https:\/\/www.envirofalk.com\/ch\/category\/aktuelles-ch\/\">News<\/a><\/li><li><a href=\"https:\/\/www.envirofalk.com\/ch\/category\/pressemitteilungen-ch\/\">Pressemitteilungen<\/a><\/li><li><a href=\"https:\/\/www.envirofalk.com\/ch\/category\/krankenhaeuser-labore-ch\/\">Krankenh\u00e4user &amp; Labore<\/a><\/li><\/ul><h3 class=\"entry-title\"><a href=\"https:\/\/www.envirofalk.com\/ch\/reinstwassersystem_labor\/\" target=\"_self\">Zugspitze - Installation von Reinstwassersystem<\/a><\/h3><p>Installation von Reinstwassersystem f\u00fcr das Labor bei der Umweltforschungsstation Schneefernerhaus auf 2.650 Meter H\u00f6he. \r\n\r\n\r\n\r\n <a href=\"https:\/\/www.envirofalk.com\/ch\/reinstwassersystem_labor\/\" target=\"_self\">mehr lesen<\/a><\/p><\/div><\/div><\/div><div class=\"not-found\"><h3>Keine Eintr\u00e4ge gefunden<\/h3><\/div><div class=\"text-center\"><a href=\"#\" id=\"load-more\" class=\"load-more\">mehr laden<\/a><\/div><\/div>[\/vc_column][\/vc_row][\/vc_section]<\/p>\n<\/div>","protected":false},"excerpt":{"rendered":"<p>Die ersten Weihnachtsw\u00fcnsche gehen bei EnviroFALK am Hauptstandort Westerburg schon in Erf\u00fcllung. Step by step entsteht unser Anbau mit neuen Besprechungsr\u00e4umen.<\/p>\n","protected":false},"author":5,"featured_media":13528,"comment_status":"closed","ping_status":"open","sticky":false,"template":"","format":"standard","meta":{"_acf_changed":false,"rs_blank_template":"","rs_page_bg_color":"","slide_template_v7":"","footnotes":""},"categories":[276,278],"tags":[],"class_list":["post-14342","post","type-post","status-publish","format-standard","has-post-thumbnail","hentry","category-envirofalk-firmennews-ch","category-aktuelles-ch"],"acf":[],"yoast_head":"<!-- This site is optimized with the Yoast SEO Premium plugin v27.4 (Yoast SEO v27.4) - https:\/\/yoast.com\/product\/yoast-seo-premium-wordpress\/ -->\n<title>Noch mehr Platz f\u00fcr gute Gespr\u00e4che &#8211; EnviroFALK<\/title>\n<meta name=\"robots\" content=\"index, follow, max-snippet:-1, max-image-preview:large, max-video-preview:-1\" \/>\n<link rel=\"canonical\" href=\"https:\/\/www.envirofalk.com\/ch\/noch-mehr-platz-fuer-gute-gespraeche\/\" \/>\n<meta property=\"og:locale\" content=\"de_DE\" \/>\n<meta property=\"og:type\" content=\"article\" \/>\n<meta property=\"og:title\" content=\"Noch mehr Platz f\u00fcr gute Gespr\u00e4che\" \/>\n<meta property=\"og:description\" content=\"Die ersten Weihnachtsw\u00fcnsche gehen bei EnviroFALK am Hauptstandort Westerburg schon in Erf\u00fcllung. Step by step entsteht unser Anbau mit neuen Besprechungsr\u00e4umen.\" \/>\n<meta property=\"og:url\" content=\"https:\/\/www.envirofalk.com\/ch\/noch-mehr-platz-fuer-gute-gespraeche\/\" \/>\n<meta property=\"og:site_name\" content=\"EnviroFALK\" \/>\n<meta property=\"article:publisher\" content=\"https:\/\/www.facebook.com\/envirofalk\" \/>\n<meta property=\"article:published_time\" content=\"2023-10-17T07:14:32+00:00\" \/>\n<meta property=\"article:modified_time\" content=\"2024-04-19T09:36:09+00:00\" \/>\n<meta property=\"og:image\" content=\"https:\/\/www.envirofalk.com\/wp-content\/uploads\/2023\/08\/EF_Anbau_2.jpg\" \/>\n\t<meta property=\"og:image:width\" content=\"770\" \/>\n\t<meta property=\"og:image:height\" content=\"385\" \/>\n\t<meta property=\"og:image:type\" content=\"image\/jpeg\" \/>\n<meta name=\"author\" content=\"Leslie M\u00fcller-Goerg\" \/>\n<meta name=\"twitter:card\" content=\"summary_large_image\" \/>\n<meta name=\"twitter:label1\" content=\"Geschrieben von\" \/>\n\t<meta name=\"twitter:data1\" content=\"Leslie M\u00fcller-Goerg\" \/>\n\t<meta name=\"twitter:label2\" content=\"Gesch\u00e4tzte Lesezeit\" \/>\n\t<meta name=\"twitter:data2\" content=\"2\u00a0Minuten\" \/>\n<script type=\"application\/ld+json\" class=\"yoast-schema-graph\">{\"@context\":\"https:\\\/\\\/schema.org\",\"@graph\":[{\"@type\":\"Article\",\"@id\":\"https:\\\/\\\/www.envirofalk.com\\\/ch\\\/noch-mehr-platz-fuer-gute-gespraeche\\\/#article\",\"isPartOf\":{\"@id\":\"https:\\\/\\\/www.envirofalk.com\\\/ch\\\/noch-mehr-platz-fuer-gute-gespraeche\\\/\"},\"author\":{\"name\":\"Leslie M\u00fcller-Goerg\",\"@id\":\"https:\\\/\\\/www.envirofalk.com\\\/ch\\\/#\\\/schema\\\/person\\\/761609683fd81d5070d746bcb2fc66ba\"},\"headline\":\"Noch mehr Platz f\u00fcr gute Gespr\u00e4che\",\"datePublished\":\"2023-10-17T07:14:32+00:00\",\"dateModified\":\"2024-04-19T09:36:09+00:00\",\"mainEntityOfPage\":{\"@id\":\"https:\\\/\\\/www.envirofalk.com\\\/ch\\\/noch-mehr-platz-fuer-gute-gespraeche\\\/\"},\"wordCount\":375,\"publisher\":{\"@id\":\"https:\\\/\\\/www.envirofalk.com\\\/ch\\\/#organization\"},\"image\":{\"@id\":\"https:\\\/\\\/www.envirofalk.com\\\/ch\\\/noch-mehr-platz-fuer-gute-gespraeche\\\/#primaryimage\"},\"thumbnailUrl\":\"https:\\\/\\\/www.envirofalk.com\\\/wp-content\\\/uploads\\\/2023\\\/08\\\/EF_Anbau_2.jpg\",\"articleSection\":[\"EnviroFALK\",\"News\"],\"inLanguage\":\"de-CH\"},{\"@type\":\"WebPage\",\"@id\":\"https:\\\/\\\/www.envirofalk.com\\\/ch\\\/noch-mehr-platz-fuer-gute-gespraeche\\\/\",\"url\":\"https:\\\/\\\/www.envirofalk.com\\\/ch\\\/noch-mehr-platz-fuer-gute-gespraeche\\\/\",\"name\":\"Noch mehr Platz f\u00fcr gute Gespr\u00e4che &#8211; EnviroFALK\",\"isPartOf\":{\"@id\":\"https:\\\/\\\/www.envirofalk.com\\\/ch\\\/#website\"},\"primaryImageOfPage\":{\"@id\":\"https:\\\/\\\/www.envirofalk.com\\\/ch\\\/noch-mehr-platz-fuer-gute-gespraeche\\\/#primaryimage\"},\"image\":{\"@id\":\"https:\\\/\\\/www.envirofalk.com\\\/ch\\\/noch-mehr-platz-fuer-gute-gespraeche\\\/#primaryimage\"},\"thumbnailUrl\":\"https:\\\/\\\/www.envirofalk.com\\\/wp-content\\\/uploads\\\/2023\\\/08\\\/EF_Anbau_2.jpg\",\"datePublished\":\"2023-10-17T07:14:32+00:00\",\"dateModified\":\"2024-04-19T09:36:09+00:00\",\"breadcrumb\":{\"@id\":\"https:\\\/\\\/www.envirofalk.com\\\/ch\\\/noch-mehr-platz-fuer-gute-gespraeche\\\/#breadcrumb\"},\"inLanguage\":\"de-CH\",\"potentialAction\":[{\"@type\":\"ReadAction\",\"target\":[\"https:\\\/\\\/www.envirofalk.com\\\/ch\\\/noch-mehr-platz-fuer-gute-gespraeche\\\/\"]}]},{\"@type\":\"ImageObject\",\"inLanguage\":\"de-CH\",\"@id\":\"https:\\\/\\\/www.envirofalk.com\\\/ch\\\/noch-mehr-platz-fuer-gute-gespraeche\\\/#primaryimage\",\"url\":\"https:\\\/\\\/www.envirofalk.com\\\/wp-content\\\/uploads\\\/2023\\\/08\\\/EF_Anbau_2.jpg\",\"contentUrl\":\"https:\\\/\\\/www.envirofalk.com\\\/wp-content\\\/uploads\\\/2023\\\/08\\\/EF_Anbau_2.jpg\",\"width\":770,\"height\":385},{\"@type\":\"BreadcrumbList\",\"@id\":\"https:\\\/\\\/www.envirofalk.com\\\/ch\\\/noch-mehr-platz-fuer-gute-gespraeche\\\/#breadcrumb\",\"itemListElement\":[{\"@type\":\"ListItem\",\"position\":1,\"name\":\"Home\",\"item\":\"https:\\\/\\\/www.envirofalk.com\\\/ch\\\/\"},{\"@type\":\"ListItem\",\"position\":2,\"name\":\"Noch mehr Platz f\u00fcr gute Gespr\u00e4che\"}]},{\"@type\":\"WebSite\",\"@id\":\"https:\\\/\\\/www.envirofalk.com\\\/ch\\\/#website\",\"url\":\"https:\\\/\\\/www.envirofalk.com\\\/ch\\\/\",\"name\":\"EnviroFALK\",\"description\":\"Wasseraufbereitungsanlagen f\u00fcr Industrie, Gewerbe &amp; Labor\",\"publisher\":{\"@id\":\"https:\\\/\\\/www.envirofalk.com\\\/ch\\\/#organization\"},\"potentialAction\":[{\"@type\":\"SearchAction\",\"target\":{\"@type\":\"EntryPoint\",\"urlTemplate\":\"https:\\\/\\\/www.envirofalk.com\\\/ch\\\/?s={search_term_string}\"},\"query-input\":{\"@type\":\"PropertyValueSpecification\",\"valueRequired\":true,\"valueName\":\"search_term_string\"}}],\"inLanguage\":\"de-CH\"},{\"@type\":\"Organization\",\"@id\":\"https:\\\/\\\/www.envirofalk.com\\\/ch\\\/#organization\",\"name\":\"EnviroFALK\",\"url\":\"https:\\\/\\\/www.envirofalk.com\\\/ch\\\/\",\"logo\":{\"@type\":\"ImageObject\",\"inLanguage\":\"de-CH\",\"@id\":\"https:\\\/\\\/www.envirofalk.com\\\/ch\\\/#\\\/schema\\\/logo\\\/image\\\/\",\"url\":\"https:\\\/\\\/www.envirofalk.com\\\/wp-content\\\/uploads\\\/2023\\\/01\\\/logo.svg\",\"contentUrl\":\"https:\\\/\\\/www.envirofalk.com\\\/wp-content\\\/uploads\\\/2023\\\/01\\\/logo.svg\",\"caption\":\"EnviroFALK\"},\"image\":{\"@id\":\"https:\\\/\\\/www.envirofalk.com\\\/ch\\\/#\\\/schema\\\/logo\\\/image\\\/\"},\"sameAs\":[\"https:\\\/\\\/www.facebook.com\\\/envirofalk\",\"https:\\\/\\\/www.linkedin.com\\\/company\\\/envirofalk-gmbh\",\"https:\\\/\\\/www.youtube.com\\\/channel\\\/UCM1L-2K6cfBbP3aYgJGbVdA\"],\"description\":\"EnviroFALK Prozesswassertechnik ist Ihr Spezialist f\u00fcr ma\u00dfgeschneiderte Wasseraufbereitungsl\u00f6sungen in der Industrie. Wir bieten innovative Technologien f\u00fcr die Erzeugung und Aufbereitung von Prozesswasser, um h\u00f6chste Effizienz und Qualit\u00e4t in Ihren Produktionsprozessen zu gew\u00e4hrleisten. Mit jahrzehntelanger Erfahrung entwickeln wir nachhaltige und ressourcenschonende L\u00f6sungen, die exakt auf die Anforderungen unserer Kunden abgestimmt sind. Unsere Leistungen umfassen die Filtration, Enth\u00e4rtung, Entsalzung und R\u00fcckgewinnung von Wasser f\u00fcr verschiedenste Anwendungen \u2013 von der Metallverarbeitung bis zur Lebensmittelindustrie. Unsere Experten begleiten Sie von der Planung \u00fcber die Implementierung bis hin zum Service, um eine zuverl\u00e4ssige und wirtschaftliche Wasseraufbereitung sicherzustellen.\",\"email\":\"info@envirofalk.com\",\"telephone\":\"+49 2663 9908-0\",\"legalName\":\"EnviroFALK GmbH\",\"foundingDate\":\"1989-05-01\"},{\"@type\":\"Person\",\"@id\":\"https:\\\/\\\/www.envirofalk.com\\\/ch\\\/#\\\/schema\\\/person\\\/761609683fd81d5070d746bcb2fc66ba\",\"name\":\"Leslie M\u00fcller-Goerg\"}]}<\/script>\n<!-- \/ Yoast SEO Premium plugin. -->","yoast_head_json":{"title":"Noch mehr Platz f\u00fcr gute Gespr\u00e4che &#8211; EnviroFALK","robots":{"index":"index","follow":"follow","max-snippet":"max-snippet:-1","max-image-preview":"max-image-preview:large","max-video-preview":"max-video-preview:-1"},"canonical":"https:\/\/www.envirofalk.com\/ch\/noch-mehr-platz-fuer-gute-gespraeche\/","og_locale":"de_DE","og_type":"article","og_title":"Noch mehr Platz f\u00fcr gute Gespr\u00e4che","og_description":"Die ersten Weihnachtsw\u00fcnsche gehen bei EnviroFALK am Hauptstandort Westerburg schon in Erf\u00fcllung. Step by step entsteht unser Anbau mit neuen Besprechungsr\u00e4umen.","og_url":"https:\/\/www.envirofalk.com\/ch\/noch-mehr-platz-fuer-gute-gespraeche\/","og_site_name":"EnviroFALK","article_publisher":"https:\/\/www.facebook.com\/envirofalk","article_published_time":"2023-10-17T07:14:32+00:00","article_modified_time":"2024-04-19T09:36:09+00:00","og_image":[{"width":770,"height":385,"url":"https:\/\/www.envirofalk.com\/wp-content\/uploads\/2023\/08\/EF_Anbau_2.jpg","type":"image\/jpeg"}],"author":"Leslie M\u00fcller-Goerg","twitter_card":"summary_large_image","twitter_misc":{"Geschrieben von":"Leslie M\u00fcller-Goerg","Gesch\u00e4tzte Lesezeit":"2\u00a0Minuten"},"schema":{"@context":"https:\/\/schema.org","@graph":[{"@type":"Article","@id":"https:\/\/www.envirofalk.com\/ch\/noch-mehr-platz-fuer-gute-gespraeche\/#article","isPartOf":{"@id":"https:\/\/www.envirofalk.com\/ch\/noch-mehr-platz-fuer-gute-gespraeche\/"},"author":{"name":"Leslie M\u00fcller-Goerg","@id":"https:\/\/www.envirofalk.com\/ch\/#\/schema\/person\/761609683fd81d5070d746bcb2fc66ba"},"headline":"Noch mehr Platz f\u00fcr gute Gespr\u00e4che","datePublished":"2023-10-17T07:14:32+00:00","dateModified":"2024-04-19T09:36:09+00:00","mainEntityOfPage":{"@id":"https:\/\/www.envirofalk.com\/ch\/noch-mehr-platz-fuer-gute-gespraeche\/"},"wordCount":375,"publisher":{"@id":"https:\/\/www.envirofalk.com\/ch\/#organization"},"image":{"@id":"https:\/\/www.envirofalk.com\/ch\/noch-mehr-platz-fuer-gute-gespraeche\/#primaryimage"},"thumbnailUrl":"https:\/\/www.envirofalk.com\/wp-content\/uploads\/2023\/08\/EF_Anbau_2.jpg","articleSection":["EnviroFALK","News"],"inLanguage":"de-CH"},{"@type":"WebPage","@id":"https:\/\/www.envirofalk.com\/ch\/noch-mehr-platz-fuer-gute-gespraeche\/","url":"https:\/\/www.envirofalk.com\/ch\/noch-mehr-platz-fuer-gute-gespraeche\/","name":"Noch mehr Platz f\u00fcr gute Gespr\u00e4che &#8211; EnviroFALK","isPartOf":{"@id":"https:\/\/www.envirofalk.com\/ch\/#website"},"primaryImageOfPage":{"@id":"https:\/\/www.envirofalk.com\/ch\/noch-mehr-platz-fuer-gute-gespraeche\/#primaryimage"},"image":{"@id":"https:\/\/www.envirofalk.com\/ch\/noch-mehr-platz-fuer-gute-gespraeche\/#primaryimage"},"thumbnailUrl":"https:\/\/www.envirofalk.com\/wp-content\/uploads\/2023\/08\/EF_Anbau_2.jpg","datePublished":"2023-10-17T07:14:32+00:00","dateModified":"2024-04-19T09:36:09+00:00","breadcrumb":{"@id":"https:\/\/www.envirofalk.com\/ch\/noch-mehr-platz-fuer-gute-gespraeche\/#breadcrumb"},"inLanguage":"de-CH","potentialAction":[{"@type":"ReadAction","target":["https:\/\/www.envirofalk.com\/ch\/noch-mehr-platz-fuer-gute-gespraeche\/"]}]},{"@type":"ImageObject","inLanguage":"de-CH","@id":"https:\/\/www.envirofalk.com\/ch\/noch-mehr-platz-fuer-gute-gespraeche\/#primaryimage","url":"https:\/\/www.envirofalk.com\/wp-content\/uploads\/2023\/08\/EF_Anbau_2.jpg","contentUrl":"https:\/\/www.envirofalk.com\/wp-content\/uploads\/2023\/08\/EF_Anbau_2.jpg","width":770,"height":385},{"@type":"BreadcrumbList","@id":"https:\/\/www.envirofalk.com\/ch\/noch-mehr-platz-fuer-gute-gespraeche\/#breadcrumb","itemListElement":[{"@type":"ListItem","position":1,"name":"Home","item":"https:\/\/www.envirofalk.com\/ch\/"},{"@type":"ListItem","position":2,"name":"Noch mehr Platz f\u00fcr gute Gespr\u00e4che"}]},{"@type":"WebSite","@id":"https:\/\/www.envirofalk.com\/ch\/#website","url":"https:\/\/www.envirofalk.com\/ch\/","name":"EnviroFALK","description":"Wasseraufbereitungsanlagen f\u00fcr Industrie, Gewerbe &amp; Labor","publisher":{"@id":"https:\/\/www.envirofalk.com\/ch\/#organization"},"potentialAction":[{"@type":"SearchAction","target":{"@type":"EntryPoint","urlTemplate":"https:\/\/www.envirofalk.com\/ch\/?s={search_term_string}"},"query-input":{"@type":"PropertyValueSpecification","valueRequired":true,"valueName":"search_term_string"}}],"inLanguage":"de-CH"},{"@type":"Organization","@id":"https:\/\/www.envirofalk.com\/ch\/#organization","name":"EnviroFALK","url":"https:\/\/www.envirofalk.com\/ch\/","logo":{"@type":"ImageObject","inLanguage":"de-CH","@id":"https:\/\/www.envirofalk.com\/ch\/#\/schema\/logo\/image\/","url":"https:\/\/www.envirofalk.com\/wp-content\/uploads\/2023\/01\/logo.svg","contentUrl":"https:\/\/www.envirofalk.com\/wp-content\/uploads\/2023\/01\/logo.svg","caption":"EnviroFALK"},"image":{"@id":"https:\/\/www.envirofalk.com\/ch\/#\/schema\/logo\/image\/"},"sameAs":["https:\/\/www.facebook.com\/envirofalk","https:\/\/www.linkedin.com\/company\/envirofalk-gmbh","https:\/\/www.youtube.com\/channel\/UCM1L-2K6cfBbP3aYgJGbVdA"],"description":"EnviroFALK Prozesswassertechnik ist Ihr Spezialist f\u00fcr ma\u00dfgeschneiderte Wasseraufbereitungsl\u00f6sungen in der Industrie. Wir bieten innovative Technologien f\u00fcr die Erzeugung und Aufbereitung von Prozesswasser, um h\u00f6chste Effizienz und Qualit\u00e4t in Ihren Produktionsprozessen zu gew\u00e4hrleisten. Mit jahrzehntelanger Erfahrung entwickeln wir nachhaltige und ressourcenschonende L\u00f6sungen, die exakt auf die Anforderungen unserer Kunden abgestimmt sind. Unsere Leistungen umfassen die Filtration, Enth\u00e4rtung, Entsalzung und R\u00fcckgewinnung von Wasser f\u00fcr verschiedenste Anwendungen \u2013 von der Metallverarbeitung bis zur Lebensmittelindustrie. Unsere Experten begleiten Sie von der Planung \u00fcber die Implementierung bis hin zum Service, um eine zuverl\u00e4ssige und wirtschaftliche Wasseraufbereitung sicherzustellen.","email":"info@envirofalk.com","telephone":"+49 2663 9908-0","legalName":"EnviroFALK GmbH","foundingDate":"1989-05-01"},{"@type":"Person","@id":"https:\/\/www.envirofalk.com\/ch\/#\/schema\/person\/761609683fd81d5070d746bcb2fc66ba","name":"Leslie M\u00fcller-Goerg"}]}},"_links":{"self":[{"href":"https:\/\/www.envirofalk.com\/ch\/wp-json\/wp\/v2\/posts\/14342","targetHints":{"allow":["GET"]}}],"collection":[{"href":"https:\/\/www.envirofalk.com\/ch\/wp-json\/wp\/v2\/posts"}],"about":[{"href":"https:\/\/www.envirofalk.com\/ch\/wp-json\/wp\/v2\/types\/post"}],"author":[{"embeddable":true,"href":"https:\/\/www.envirofalk.com\/ch\/wp-json\/wp\/v2\/users\/5"}],"replies":[{"embeddable":true,"href":"https:\/\/www.envirofalk.com\/ch\/wp-json\/wp\/v2\/comments?post=14342"}],"version-history":[{"count":1,"href":"https:\/\/www.envirofalk.com\/ch\/wp-json\/wp\/v2\/posts\/14342\/revisions"}],"predecessor-version":[{"id":14343,"href":"https:\/\/www.envirofalk.com\/ch\/wp-json\/wp\/v2\/posts\/14342\/revisions\/14343"}],"wp:featuredmedia":[{"embeddable":true,"href":"https:\/\/www.envirofalk.com\/ch\/wp-json\/wp\/v2\/media\/13528"}],"wp:attachment":[{"href":"https:\/\/www.envirofalk.com\/ch\/wp-json\/wp\/v2\/media?parent=14342"}],"wp:term":[{"taxonomy":"category","embeddable":true,"href":"https:\/\/www.envirofalk.com\/ch\/wp-json\/wp\/v2\/categories?post=14342"},{"taxonomy":"post_tag","embeddable":true,"href":"https:\/\/www.envirofalk.com\/ch\/wp-json\/wp\/v2\/tags?post=14342"}],"curies":[{"name":"wp","href":"https:\/\/api.w.org\/{rel}","templated":true}]}}